{"id":36408,"date":"2021-01-06T17:39:29","date_gmt":"2021-01-06T17:39:29","guid":{"rendered":"https:\/\/sertv.gob.pa\/crisolfm\/?p=36408"},"modified":"2021-01-06T17:39:29","modified_gmt":"2021-01-06T17:39:29","slug":"crea-en-panama-dara-comienzo-a-capacitaciones","status":"publish","type":"post","link":"https:\/\/sertv.gob.pa\/crisolfm\/crea-en-panama-dara-comienzo-a-capacitaciones\/","title":{"rendered":"\u201cCrea en Panam\u00e1\u201d, dar\u00e1 comienzo a  capacitaciones"},"content":{"rendered":"<p>Las autoridades del Ministerio de Cultura de Panam\u00e1 (MiCultura), dieron a conocer, que 1,200 emprendedores de 2,157 que se registraron en la convocatoria lanzada en noviembre de 2020, para el Programa \u2018Crea en Panam\u00e1\u2019, ser\u00e1n los beneficiarios de los cursos de emprendimiento para las industrias creativas y culturales que impulsa la entidad a trav\u00e9s de su Direcci\u00f3n de Econom\u00eda y Creativa con recursos del pr\u00e9stamo del Banco Interamericano de Desarrollo como iniciativa del Gobierno Nacional para promover los emprendimientos, empresas y ecosistemas culturales y creativos del pa\u00eds y su desarrollo sostenible.<\/p>\n<p>El pr\u00f3ximo 11 de enero, inicia el primer grupo de 300 personas seleccionadas de manera virtual y de forma gratuita para \u00a0fortalecer sus capacidades empresariales y de marketing digital aplicada a industrias creativas culturales en tiempos post COVID. El resto de los 900 seleccionados, ser\u00e1n notificados el 18 de enero, por correo electr\u00f3nico para iniciar las capacitaciones en los otros 3 cursos el 25 de enero pr\u00f3ximo.<\/p>\n<p>Sobre el particular, Mar\u00fa Galvez, directora de Econom\u00eda Creativa de MiCultura destac\u00f3 la complacencia por la gran acogida que tuvo la convocatoria donde se obtuvo como resultado 2,175 registros de los cuales la mayor\u00eda de quienes aplicaron proceden de las provincias de Panam\u00e1, Col\u00f3n, Chiriqu\u00ed y Veraguas, y un 69% mujeres.<\/p>\n<p>Los emprendedores adem\u00e1s de recibir capacitaci\u00f3n, podr\u00e1n pasar a una fase 2 donde recibir\u00e1n acompa\u00f1amiento, mentor\u00eda y acceso a fondos no reembolsables para iniciar sus emprendimientos o apalancar los existentes. Los sub sectores con m\u00e1s registros fueron dise\u00f1o, gastronom\u00eda, artesan\u00edas y m\u00fasica.<\/p>\n<p>Cabe resaltar, que el programa de capacitaci\u00f3n, forma parte de los proyectos de Crea en Panam\u00e1 2030, el plan nacional para la Econom\u00eda Creativa y su desarrollo sostenible que est\u00e1 formulando el Ministerio de Cultura en conjunto con la Unesco y la Uni\u00f3n Europa que consiste en un sistema de gobernanza de pol\u00edticas p\u00fablicas, marcos regulatorios, alianzas estrat\u00e9gicas y oportunidades de financiaci\u00f3n, que buscan ampliar las oportunidades de los paname\u00f1os y paname\u00f1as para que las industrias creativas puedan ser un eje de desarrollo socio econ\u00f3mico y generador de nuevos empleos en esta reactivaci\u00f3n econ\u00f3mica.<\/p>\n<p>Para conocer m\u00e1s sobre los proyectos y actividades de este plan puede visitar la p\u00e1gina https:\/\/creaenpanama.gob.pa\/ y tambi\u00e9n las redes de miculturapma.<\/p>\n<p>&nbsp;<\/p>\n<p>Fuente: MiCultura<\/p>\n<p>&nbsp;<\/p>\n","protected":false},"excerpt":{"rendered":"<p>Las autoridades del Ministerio de Cultura de Panam\u00e1 (MiCultura), dieron <a href=\"https:\/\/sertv.gob.pa\/crisolfm\/crea-en-panama-dara-comienzo-a-capacitaciones\/\"> [&#8230;]<\/a><\/p>\n","protected":false},"author":9,"featured_media":36409,"comment_status":"closed","ping_status":"closed","sticky":false,"template":"","format":"standard","meta":{"footnotes":""},"categories":[6],"tags":[],"class_list":["post-36408","post","type-post","status-publish","format-standard","has-post-thumbnail","hentry","category-culturales"],"_links":{"self":[{"href":"https:\/\/sertv.gob.pa\/crisolfm\/wp-json\/wp\/v2\/posts\/36408","targetHints":{"allow":["GET"]}}],"collection":[{"href":"https:\/\/sertv.gob.pa\/crisolfm\/wp-json\/wp\/v2\/posts"}],"about":[{"href":"https:\/\/sertv.gob.pa\/crisolfm\/wp-json\/wp\/v2\/types\/post"}],"author":[{"embeddable":true,"href":"https:\/\/sertv.gob.pa\/crisolfm\/wp-json\/wp\/v2\/users\/9"}],"replies":[{"embeddable":true,"href":"https:\/\/sertv.gob.pa\/crisolfm\/wp-json\/wp\/v2\/comments?post=36408"}],"version-history":[{"count":1,"href":"https:\/\/sertv.gob.pa\/crisolfm\/wp-json\/wp\/v2\/posts\/36408\/revisions"}],"predecessor-version":[{"id":36411,"href":"https:\/\/sertv.gob.pa\/crisolfm\/wp-json\/wp\/v2\/posts\/36408\/revisions\/36411"}],"wp:featuredmedia":[{"embeddable":true,"href":"https:\/\/sertv.gob.pa\/crisolfm\/wp-json\/wp\/v2\/media\/36409"}],"wp:attachment":[{"href":"https:\/\/sertv.gob.pa\/crisolfm\/wp-json\/wp\/v2\/media?parent=36408"}],"wp:term":[{"taxonomy":"category","embeddable":true,"href":"https:\/\/sertv.gob.pa\/crisolfm\/wp-json\/wp\/v2\/categories?post=36408"},{"taxonomy":"post_tag","embeddable":true,"href":"https:\/\/sertv.gob.pa\/crisolfm\/wp-json\/wp\/v2\/tags?post=36408"}],"curies":[{"name":"wp","href":"https:\/\/api.w.org\/{rel}","templated":true}]}}