{"id":36575,"date":"2021-01-13T10:00:08","date_gmt":"2021-01-13T10:00:08","guid":{"rendered":"https:\/\/sertv.gob.pa\/crisolfm\/?p=36575"},"modified":"2021-01-12T20:47:05","modified_gmt":"2021-01-12T20:47:05","slug":"avanzan-con-exito-cursos-de-verano-2021-en-el-centro-de-arte-y-cultura-del-meduca-de-panama","status":"publish","type":"post","link":"https:\/\/sertv.gob.pa\/crisolfm\/avanzan-con-exito-cursos-de-verano-2021-en-el-centro-de-arte-y-cultura-del-meduca-de-panama\/","title":{"rendered":"Avanzan con \u00e9xito cursos de \u201cVerano 2021\u201d, en el Centro de Arte y Cultura del MEDUCA de Panam\u00e1"},"content":{"rendered":"<p>El Centro de Arte y Cultura del Ministerio de Educaci\u00f3n de Panam\u00e1, dio comienzo a sus cursos virtuales \u2018Verano 2021\u2019, con el prop\u00f3sito de brindarles un espacio a los estudiantes en vacaciones y que aprendan diversas t\u00e9cnicas de expresi\u00f3n cultural.<\/p>\n<p>En la actualidad, participan 200 ni\u00f1os y j\u00f3venes en los cursos virtuales gratuitos de dibujo y pintura, danza y ballet, danza urbana, guitarra, danza moderna y teclado, a cargo de profesionales con experiencia en las distintas modalidades.<\/p>\n<p>Esta semana, el Centro de Arte y Cultura, iniciar\u00e1 los cursos de piano, fotograf\u00eda, guitarra, flauta y teatro en jornadas matutinas y vespertinas durante un mes de constante actividad. Tambi\u00e9n participan j\u00f3venes con S\u00edndrome de Down, pues no hay barreras para que participen con el apoyo de los padres o familiares.<\/p>\n<p>&nbsp;<\/p>\n<p>Fuente: MEDUCA<\/p>\n","protected":false},"excerpt":{"rendered":"<p>El Centro de Arte y Cultura del Ministerio de Educaci\u00f3n <a href=\"https:\/\/sertv.gob.pa\/crisolfm\/avanzan-con-exito-cursos-de-verano-2021-en-el-centro-de-arte-y-cultura-del-meduca-de-panama\/\"> [&#8230;]<\/a><\/p>\n","protected":false},"author":9,"featured_media":36576,"comment_status":"closed","ping_status":"closed","sticky":false,"template":"","format":"standard","meta":{"footnotes":""},"categories":[6],"tags":[],"class_list":["post-36575","post","type-post","status-publish","format-standard","has-post-thumbnail","hentry","category-culturales"],"_links":{"self":[{"href":"https:\/\/sertv.gob.pa\/crisolfm\/wp-json\/wp\/v2\/posts\/36575","targetHints":{"allow":["GET"]}}],"collection":[{"href":"https:\/\/sertv.gob.pa\/crisolfm\/wp-json\/wp\/v2\/posts"}],"about":[{"href":"https:\/\/sertv.gob.pa\/crisolfm\/wp-json\/wp\/v2\/types\/post"}],"author":[{"embeddable":true,"href":"https:\/\/sertv.gob.pa\/crisolfm\/wp-json\/wp\/v2\/users\/9"}],"replies":[{"embeddable":true,"href":"https:\/\/sertv.gob.pa\/crisolfm\/wp-json\/wp\/v2\/comments?post=36575"}],"version-history":[{"count":1,"href":"https:\/\/sertv.gob.pa\/crisolfm\/wp-json\/wp\/v2\/posts\/36575\/revisions"}],"predecessor-version":[{"id":36579,"href":"https:\/\/sertv.gob.pa\/crisolfm\/wp-json\/wp\/v2\/posts\/36575\/revisions\/36579"}],"wp:featuredmedia":[{"embeddable":true,"href":"https:\/\/sertv.gob.pa\/crisolfm\/wp-json\/wp\/v2\/media\/36576"}],"wp:attachment":[{"href":"https:\/\/sertv.gob.pa\/crisolfm\/wp-json\/wp\/v2\/media?parent=36575"}],"wp:term":[{"taxonomy":"category","embeddable":true,"href":"https:\/\/sertv.gob.pa\/crisolfm\/wp-json\/wp\/v2\/categories?post=36575"},{"taxonomy":"post_tag","embeddable":true,"href":"https:\/\/sertv.gob.pa\/crisolfm\/wp-json\/wp\/v2\/tags?post=36575"}],"curies":[{"name":"wp","href":"https:\/\/api.w.org\/{rel}","templated":true}]}}