{"id":36692,"date":"2021-01-15T21:24:14","date_gmt":"2021-01-15T21:24:14","guid":{"rendered":"https:\/\/sertv.gob.pa\/crisolfm\/?p=36692"},"modified":"2021-01-15T21:24:14","modified_gmt":"2021-01-15T21:24:14","slug":"la-autoridad-de-turismo-de-panama-presenta-detras-de-las-mil-polleras-un-homenaje-virtual-que-se-transmitira-por-sertv-este-sabado-16-de-enero-de-2021","status":"publish","type":"post","link":"https:\/\/sertv.gob.pa\/crisolfm\/la-autoridad-de-turismo-de-panama-presenta-detras-de-las-mil-polleras-un-homenaje-virtual-que-se-transmitira-por-sertv-este-sabado-16-de-enero-de-2021\/","title":{"rendered":"La Autoridad de Turismo de Panam\u00e1, presenta \u201cDetr\u00e1s de las Mil Polleras\u201d, un homenaje virtual, que se transmitir\u00e1 por SERTV, este s\u00e1bado, 16 de enero de 2021"},"content":{"rendered":"<p>Conservar la tradici\u00f3n viva de la cultura paname\u00f1a y resaltar cada uno de los patrimonios que hacen aut\u00e9ntico al destino Panam\u00e1, es clave en el desarrollo de la estrategia del Plan Maestro de Turismo Sostenible, por lo que en enero del 2021, la Autoridad de Turismo de Panam\u00e1 (ATP), trae para nacionales y extranjeros, la edici\u00f3n <strong><em>\u00abDetr\u00e1s de las Mil Polleras\u201d,<\/em><\/strong> un homenaje virtual al evento que resalta nuestro traje t\u00edpico, la pollera.<\/p>\n<p>Un proyecto que adem\u00e1s de resaltar la festividad en s\u00ed y realzar la labor de los artesanos de la pollera, muestra a cada uno de los actores que forman parte de la cadena de valor de un evento que por 18 a\u00f1os ha incrementado la valoraci\u00f3n que los paname\u00f1os le han dado a la riqueza folkl\u00f3rica de la regi\u00f3n central del pa\u00eds, lo que a su vez repercute positivamente en la econom\u00eda de la \u00a0zona y en la generaci\u00f3n de empleos, basados principalmente en la elaboraci\u00f3n y comercializaci\u00f3n de diversas prendas artesanales.<\/p>\n<p>En esta producci\u00f3n, la Autoridad de Turismo de Panam\u00e1, adem\u00e1s los lleva a un recorrido por destinos interesantes de la regi\u00f3n de Azuero, entre los que podemos mencionar: Playa Venao en Pedas\u00ed, la cual est\u00e1 en el ranking mundial de los amantes del Surf, Ci\u00e9naga de Las Macanas en el Rinc\u00f3n de Santa Mar\u00eda, sitio preferido para observadores de aves de otras latitudes de la tierra; as\u00ed como a diversos lugares hist\u00f3ricos, museos, plazas coloniales e interesantes sitios ideales para el ecoturismo, agroturismo; actividades de sol y playa, entre otras en las que adem\u00e1s del atractivo visual del lugar existen historias que les dan un valor agregado y emocionante que enriquece la experiencia de los turistas.<\/p>\n<p>En estos momentos, el equipo est\u00e1 en la etapa de postproducci\u00f3n, los espectadores m\u00e1s all\u00e1 del evento que se realiza cada a\u00f1o en s\u00ed, conocer\u00e1n sus protagonistas, desde el artesano que dibuja el dise\u00f1o de una pollera, los que la confeccionan, su armado, procesos de orfebrer\u00eda del joyero, elaboraci\u00f3n de tembleques y el atav\u00edo de la empollerada, qu\u00e9 historia y simbolog\u00eda hay detr\u00e1s de cada pieza que compone este traje t\u00edpico que ha cautivado escenarios nacionales e internacionales por su inigualable autenticidad y belleza.<\/p>\n<p>Llevaremos a nuestros espectadores a descubrir su naturaleza y su cultura, en una pieza audiovisual que nos explica muy bien porque los paname\u00f1os somos aut\u00e9nticos por naturaleza.<\/p>\n<p><strong><em>Detr\u00e1s de las Mil Polleras, el homenaje virtual, ser\u00e1 transmitido por SERTV y las redes sociales de ATP y SERTV el s\u00e1bado 16 de enero a partir de las 5 de la tarde. Descubre Tu Cultura y Tu Naturaleza desde casa.<\/em><\/strong><\/p>\n<p>&nbsp;<\/p>\n<p><strong>Sobre Mil Polleras 2020<\/strong><\/p>\n<p>Participaron m\u00e1s 100 delegaciones de los sectores p\u00fablico y privado.<\/p>\n<p>Gener\u00f3 ganancias que superaron los 25 millones de d\u00f3lares.<\/p>\n<p>La planta hotelera de provincias centrales (Cocl\u00e9, Veraguas, Herrera y Los Santos) estuvo ocupada al 100% el fin de semana del evento que se realiz\u00f3 el 11 de enero del 2020.<\/p>\n<p>Se estim\u00f3 un n\u00famero de asistentes por encima de 250 mil personas.<\/p>\n<p>&nbsp;<\/p>\n<p>Fuente: ATP<\/p>\n<p>&nbsp;<\/p>\n","protected":false},"excerpt":{"rendered":"<p>Conservar la tradici\u00f3n viva de la cultura paname\u00f1a y resaltar <a href=\"https:\/\/sertv.gob.pa\/crisolfm\/la-autoridad-de-turismo-de-panama-presenta-detras-de-las-mil-polleras-un-homenaje-virtual-que-se-transmitira-por-sertv-este-sabado-16-de-enero-de-2021\/\"> [&#8230;]<\/a><\/p>\n","protected":false},"author":9,"featured_media":36693,"comment_status":"closed","ping_status":"closed","sticky":false,"template":"","format":"standard","meta":{"footnotes":""},"categories":[6],"tags":[],"class_list":["post-36692","post","type-post","status-publish","format-standard","has-post-thumbnail","hentry","category-culturales"],"_links":{"self":[{"href":"https:\/\/sertv.gob.pa\/crisolfm\/wp-json\/wp\/v2\/posts\/36692","targetHints":{"allow":["GET"]}}],"collection":[{"href":"https:\/\/sertv.gob.pa\/crisolfm\/wp-json\/wp\/v2\/posts"}],"about":[{"href":"https:\/\/sertv.gob.pa\/crisolfm\/wp-json\/wp\/v2\/types\/post"}],"author":[{"embeddable":true,"href":"https:\/\/sertv.gob.pa\/crisolfm\/wp-json\/wp\/v2\/users\/9"}],"replies":[{"embeddable":true,"href":"https:\/\/sertv.gob.pa\/crisolfm\/wp-json\/wp\/v2\/comments?post=36692"}],"version-history":[{"count":1,"href":"https:\/\/sertv.gob.pa\/crisolfm\/wp-json\/wp\/v2\/posts\/36692\/revisions"}],"predecessor-version":[{"id":36695,"href":"https:\/\/sertv.gob.pa\/crisolfm\/wp-json\/wp\/v2\/posts\/36692\/revisions\/36695"}],"wp:featuredmedia":[{"embeddable":true,"href":"https:\/\/sertv.gob.pa\/crisolfm\/wp-json\/wp\/v2\/media\/36693"}],"wp:attachment":[{"href":"https:\/\/sertv.gob.pa\/crisolfm\/wp-json\/wp\/v2\/media?parent=36692"}],"wp:term":[{"taxonomy":"category","embeddable":true,"href":"https:\/\/sertv.gob.pa\/crisolfm\/wp-json\/wp\/v2\/categories?post=36692"},{"taxonomy":"post_tag","embeddable":true,"href":"https:\/\/sertv.gob.pa\/crisolfm\/wp-json\/wp\/v2\/tags?post=36692"}],"curies":[{"name":"wp","href":"https:\/\/api.w.org\/{rel}","templated":true}]}}