{"id":36767,"date":"2021-01-19T17:31:26","date_gmt":"2021-01-19T17:31:26","guid":{"rendered":"https:\/\/sertv.gob.pa\/crisolfm\/?p=36767"},"modified":"2021-01-19T17:31:26","modified_gmt":"2021-01-19T17:31:26","slug":"en-avance-trabajos-de-restauracion-del-ferrocarril-de-bugaba","status":"publish","type":"post","link":"https:\/\/sertv.gob.pa\/crisolfm\/en-avance-trabajos-de-restauracion-del-ferrocarril-de-bugaba\/","title":{"rendered":"En avance, trabajos de restauraci\u00f3n del ferrocarril de Bugaba"},"content":{"rendered":"<p>Los trabajos de recuperaci\u00f3n de la estaci\u00f3n del ferrocarril en Bugaba, que ser\u00e1 convertido en un museo con el apoyo del Ministerio de Cultura, avanzan con pasos firmes, indic\u00f3 recientemente, el alcalde Rafael Quintero, quien dio a conocer que adem\u00e1s se encuentran restaurando sus vagones y locomotoras.<\/p>\n<p>El alcalde, pronunci\u00f3, que esta gran iniciativa, es un anhelo del pueblo bugabe\u00f1o de m\u00e1s de 40 a\u00f1os. Era una obra abandonada que, gracias a la gesti\u00f3n municipal, el inter\u00e9s y colaboraci\u00f3n permanente de MiCultura, as\u00ed como del Consejo Municipal y el equipo de descentralizaci\u00f3n, se est\u00e1 rescatando como un proyecto que ser\u00e1 una vitrina del turismo, la cultura y la educaci\u00f3n para todos los paname\u00f1os y visitantes extranjeros, manifest\u00f3 Quintero.<\/p>\n<p>Por su parte, Carlos Aguilar Navarro, Ministro de Cultura de Panam\u00e1, agradeci\u00f3 el esfuerzo de los bugabe\u00f1os, al llevar a cabo esta obra, destacando, que con la creaci\u00f3n del centro cultural y el museo, se generar\u00e1 un sentido de identidad, pertenencia y autoestima a trav\u00e9s de la actividad cultural y tur\u00edstica, al igual que el rescate de nuestro patrimonio.<\/p>\n<p>\u201cA trav\u00e9s de este tipo de iniciativas que como Gobierno Nacional apoyamos desde el inicio, estamos ayudando a hacer crecer a generaciones de nuevos ciudadanos con una visi\u00f3n distinta en cuanto a cultura e identidad nacional, para que puedan compartir conocimientos y experiencias con la comunidad local y extranjera que nos visita al pa\u00eds\u201d, a\u00f1adi\u00f3 el ministro.<\/p>\n<p>El ferrocarril de Chiriqu\u00ed, fue Inaugurado el 22 de abril de 1916, por el presidente Belisario Porras, con una extensi\u00f3n total de 92.517 kil\u00f3metros. Actualmente, se ejecutan trabajos de recuperaci\u00f3n de espacios, para convertir sus instalaciones en un Centro Cultural, que incluye un museo, para beneficio de la comunidad y de fomento del turismo cultural de la regi\u00f3n.<\/p>\n<p>&nbsp;<\/p>\n<p>Fuente: MiCultura<\/p>\n<p>&nbsp;<\/p>\n","protected":false},"excerpt":{"rendered":"<p>Los trabajos de recuperaci\u00f3n de la estaci\u00f3n del ferrocarril en <a href=\"https:\/\/sertv.gob.pa\/crisolfm\/en-avance-trabajos-de-restauracion-del-ferrocarril-de-bugaba\/\"> [&#8230;]<\/a><\/p>\n","protected":false},"author":9,"featured_media":36768,"comment_status":"closed","ping_status":"closed","sticky":false,"template":"","format":"standard","meta":{"footnotes":""},"categories":[6],"tags":[],"class_list":["post-36767","post","type-post","status-publish","format-standard","has-post-thumbnail","hentry","category-culturales"],"_links":{"self":[{"href":"https:\/\/sertv.gob.pa\/crisolfm\/wp-json\/wp\/v2\/posts\/36767","targetHints":{"allow":["GET"]}}],"collection":[{"href":"https:\/\/sertv.gob.pa\/crisolfm\/wp-json\/wp\/v2\/posts"}],"about":[{"href":"https:\/\/sertv.gob.pa\/crisolfm\/wp-json\/wp\/v2\/types\/post"}],"author":[{"embeddable":true,"href":"https:\/\/sertv.gob.pa\/crisolfm\/wp-json\/wp\/v2\/users\/9"}],"replies":[{"embeddable":true,"href":"https:\/\/sertv.gob.pa\/crisolfm\/wp-json\/wp\/v2\/comments?post=36767"}],"version-history":[{"count":1,"href":"https:\/\/sertv.gob.pa\/crisolfm\/wp-json\/wp\/v2\/posts\/36767\/revisions"}],"predecessor-version":[{"id":36769,"href":"https:\/\/sertv.gob.pa\/crisolfm\/wp-json\/wp\/v2\/posts\/36767\/revisions\/36769"}],"wp:featuredmedia":[{"embeddable":true,"href":"https:\/\/sertv.gob.pa\/crisolfm\/wp-json\/wp\/v2\/media\/36768"}],"wp:attachment":[{"href":"https:\/\/sertv.gob.pa\/crisolfm\/wp-json\/wp\/v2\/media?parent=36767"}],"wp:term":[{"taxonomy":"category","embeddable":true,"href":"https:\/\/sertv.gob.pa\/crisolfm\/wp-json\/wp\/v2\/categories?post=36767"},{"taxonomy":"post_tag","embeddable":true,"href":"https:\/\/sertv.gob.pa\/crisolfm\/wp-json\/wp\/v2\/tags?post=36767"}],"curies":[{"name":"wp","href":"https:\/\/api.w.org\/{rel}","templated":true}]}}