{"id":36881,"date":"2021-01-22T18:01:44","date_gmt":"2021-01-22T18:01:44","guid":{"rendered":"https:\/\/sertv.gob.pa\/crisolfm\/?p=36881"},"modified":"2021-01-22T18:01:44","modified_gmt":"2021-01-22T18:01:44","slug":"fallece-el-director-jose-angel-garcia-padre-de-gael-garcia-de-fibrosis","status":"publish","type":"post","link":"https:\/\/sertv.gob.pa\/crisolfm\/fallece-el-director-jose-angel-garcia-padre-de-gael-garcia-de-fibrosis\/","title":{"rendered":"Fallece el director Jos\u00e9 \u00c1ngel Garc\u00eda, padre de Gael Garc\u00eda, de fibrosis"},"content":{"rendered":"<p><strong><em>M\u00e9xico, (EFE).- <\/em><\/strong><\/p>\n<p>Tras haber sido hospitalizado unos d\u00edas antes, el actor y director mexicano de televisi\u00f3n Jos\u00e9 \u00c1ngel Garc\u00eda, padre del tambi\u00e9n actor Gael Garc\u00eda Bernal, falleci\u00f3 la madrugada de este viernes a causa de una fibrosis pulmonar a la edad de 70 a\u00f1os.<\/p>\n<p>\u00abEn el para\u00edso est\u00e1s \u00a1mi amor, mi cielo, mi vida! (&#8230;) Nos volveremos a reunir, \u00a1mi todo! Te amo por siempre y para siempre, mi maestro, el amor de mi vida\u00bb, escribi\u00f3 su pareja, Bella de la Vega, en Facebook acompa\u00f1ando el mensaje con una fotograf\u00eda de ella y el actor con un list\u00f3n negro.<\/p>\n<p>Seg\u00fan inform\u00f3 a medios nacionales De la Vega, el director padec\u00eda una fibrosis pulmonar desde a\u00f1os pero el problema se agudiz\u00f3 d\u00edas antes debido a una infecci\u00f3n urinaria que afect\u00f3 gravemente su salud e hizo que tuviera que ser internado en un hospital.<\/p>\n<p>Nacido en Huetamo, en el occidental estado de Michoac\u00e1n, Garc\u00eda encontr\u00f3 su vocaci\u00f3n como actor desde muy joven y tuvo apariciones en pel\u00edculas y telenovelas mexicanas como \u00abEl d\u00eda que muri\u00f3 Pedro Infante\u00bb (1984), \u00abMorir para vivir\u00bb (1989), \u00abEntre el amor y el odio\u00bb (2002) y la serie producida y actuada por su hijo Gael, \u00abAqu\u00ed en la tierra\u00bb (2018-2020).<\/p>\n<p>Tambi\u00e9n tuvo una amplia trayectoria como director de telenovelas y programas televisivos y entre los que destacan \u00abMujer de madera\u00bb (2004), \u00abAmigas y rivales\u00bb (2001), \u00abDos mujeres un camino\u00bb (1993) y actualmente era director del exitoso programa \u00abLa rosa de Guadalupe\u00bb.<\/p>\n<p>La noticia r\u00e1pidamente conmocion\u00f3 al mundo del espect\u00e1culo y actores de telenovelas que tuvieron la oportunidad de trabajar con \u00e9l expresaron sus condolencias por medio de redes sociales, como en el caso de la actriz Laisha Wilkins quien lo record\u00f3 como su \u00abprimer director de escena\u00bb.<\/p>\n<p>Asimismo, el actor Arturo Carmona comparti\u00f3 en su cuenta de Instagram un emotivo mensaje y un recuento de su trabajo en conjunto.<\/p>\n<p>\u00abTe recordaremos siempre con esa sonrisa y optimismo contagioso, siempre alegre. Siempre cre\u00edste en m\u00ed, desde el principio, reci\u00e9n llegue a CDMX (Ciudad de M\u00e9xico), estar\u00e9 agradecido por siempre. Me dec\u00edas Arturote. Trabajamos juntos, me dirigiste cuatro telenovelas, buen viaje maestro\u00bb, apunt\u00f3.<\/p>\n<p>La Asociaci\u00f3n Nacional de Interpretes (ANDI), tambi\u00e9n comunic\u00f3 sus condolencias a los familiares y resalt\u00f3 el trabajo de Garc\u00eda.<\/p>\n<p>Hasta el momento no se tienen declaraciones por parte de su \u00fanico hijo, el productor, director y actor Gael Garc\u00eda Bernal, pero De la Vega declar\u00f3 a un programa de espect\u00e1culos que ya estaba enterado del fallecimiento de su padre y que juntos organizar\u00edan el velorio.<\/p>\n<p>&nbsp;<\/p>\n<p>Fuente: EFE<\/p>\n","protected":false},"excerpt":{"rendered":"<p>M\u00e9xico, (EFE).- Tras haber sido hospitalizado unos d\u00edas antes, el <a href=\"https:\/\/sertv.gob.pa\/crisolfm\/fallece-el-director-jose-angel-garcia-padre-de-gael-garcia-de-fibrosis\/\"> [&#8230;]<\/a><\/p>\n","protected":false},"author":9,"featured_media":36882,"comment_status":"closed","ping_status":"closed","sticky":false,"template":"","format":"standard","meta":{"footnotes":""},"categories":[6],"tags":[],"class_list":["post-36881","post","type-post","status-publish","format-standard","has-post-thumbnail","hentry","category-culturales"],"_links":{"self":[{"href":"https:\/\/sertv.gob.pa\/crisolfm\/wp-json\/wp\/v2\/posts\/36881","targetHints":{"allow":["GET"]}}],"collection":[{"href":"https:\/\/sertv.gob.pa\/crisolfm\/wp-json\/wp\/v2\/posts"}],"about":[{"href":"https:\/\/sertv.gob.pa\/crisolfm\/wp-json\/wp\/v2\/types\/post"}],"author":[{"embeddable":true,"href":"https:\/\/sertv.gob.pa\/crisolfm\/wp-json\/wp\/v2\/users\/9"}],"replies":[{"embeddable":true,"href":"https:\/\/sertv.gob.pa\/crisolfm\/wp-json\/wp\/v2\/comments?post=36881"}],"version-history":[{"count":1,"href":"https:\/\/sertv.gob.pa\/crisolfm\/wp-json\/wp\/v2\/posts\/36881\/revisions"}],"predecessor-version":[{"id":36883,"href":"https:\/\/sertv.gob.pa\/crisolfm\/wp-json\/wp\/v2\/posts\/36881\/revisions\/36883"}],"wp:featuredmedia":[{"embeddable":true,"href":"https:\/\/sertv.gob.pa\/crisolfm\/wp-json\/wp\/v2\/media\/36882"}],"wp:attachment":[{"href":"https:\/\/sertv.gob.pa\/crisolfm\/wp-json\/wp\/v2\/media?parent=36881"}],"wp:term":[{"taxonomy":"category","embeddable":true,"href":"https:\/\/sertv.gob.pa\/crisolfm\/wp-json\/wp\/v2\/categories?post=36881"},{"taxonomy":"post_tag","embeddable":true,"href":"https:\/\/sertv.gob.pa\/crisolfm\/wp-json\/wp\/v2\/tags?post=36881"}],"curies":[{"name":"wp","href":"https:\/\/api.w.org\/{rel}","templated":true}]}}