{"id":37282,"date":"2021-02-05T17:15:52","date_gmt":"2021-02-05T17:15:52","guid":{"rendered":"https:\/\/sertv.gob.pa\/crisolfm\/?p=37282"},"modified":"2021-02-05T17:15:52","modified_gmt":"2021-02-05T17:15:52","slug":"un-centenar-de-arrestados-en-fiestas-clandestinas-precarnavaleras-en-bolivia","status":"publish","type":"post","link":"https:\/\/sertv.gob.pa\/crisolfm\/un-centenar-de-arrestados-en-fiestas-clandestinas-precarnavaleras-en-bolivia\/","title":{"rendered":"Un centenar de arrestados en fiestas clandestinas precarnavaleras en Bolivia"},"content":{"rendered":"<p>&nbsp;<\/p>\n<p><strong><em>La Paz, (EFE).- <\/em><\/strong><\/p>\n<p>&nbsp;<\/p>\n<p>Al menos un centenar de personas fueron arrestadas por participar en fiestas clandestinas precarnavaleras en la ciudad boliviana de El Alto, la segunda m\u00e1s poblada del pa\u00eds, a pesar de las restricciones por el segundo pico de contagios de la covid-19.<\/p>\n<p>Las autoridades municipales de esa ciudad, vecina de La Paz y con un mill\u00f3n de habitantes, intervinieron en la v\u00edspera y la madrugada de este viernes algunas discotecas que \u00abhan realizado la convocatoria v\u00eda redes sociales\u00bb, declar\u00f3 el secretario de Seguridad Ciudadana, Dorian Ulloa.<\/p>\n<p>Los eventos promet\u00edan diversi\u00f3n \u00abhasta el amanecer\u00bb inclusive por varios d\u00edas, seg\u00fan algunos carteles promocionales, para celebrar la festividad de \u00abcompadres\u00bb que habitualmente se realiza el pen\u00faltimo jueves antes del carnaval y que se extiende hasta la madrugada del d\u00eda siguiente.<\/p>\n<p>Esa tradici\u00f3n nacida en el sur del pa\u00eds, y que consiste en que las mujeres regalen a los varones una canasta con frutas en s\u00edmbolo de amistad para que estos devuelvan el gesto el jueves posterior, se ha extendido en el pa\u00eds y fue absorbida por locales de diversi\u00f3n nocturna.<\/p>\n<p>Ulloa detall\u00f3 que varias fiestas lograron \u00abintervenirse\u00bb antes de que comenzaran y que en otros casos se realizaron operativos durante su realizaci\u00f3n en los que \u00abm\u00e1s de cien personas\u00bb han sido arrestadas por infringir las disposiciones sanitarias ante la covid-19.<\/p>\n<p>El Alto est\u00e1 entre los cien municipios con \u00abriesgo alto\u00bb de contagio de la enfermedad, seg\u00fan el \u00faltimo informe de alerta temprana del Ministerio de Salud, que recomienda \u00abextremar esfuerzos\u00bb para que la poblaci\u00f3n cumpla con medidas como el uso de tapabocas y el distanciamiento f\u00edsico para evitar contagios que \u00abvan en ascenso\u00bb.<\/p>\n<p>Algunos medios locales han difundido im\u00e1genes de la consecuencia del consumo de alcohol durante la fiesta de \u00abCompadres\u00bb en la madrugada de este viernes, en ciudades como La Paz con gente en estado de embriaguez en las calles y omitiendo las medidas de bioseguridad.<\/p>\n<p>Estas actividades clandestinas inclusive han producido estampidas, como la que se produjo esta semana en una discoteca en la ciudad de Quillacollo cuando una multitud se descontrol\u00f3 al querer escapar del control de las autoridades locales, aunque sin dejar heridos.<\/p>\n<p>La emergencia sanitaria ha provocado la suspensi\u00f3n de la celebraciones carnavalescas en la mayor\u00eda de los departamentos del pa\u00eds, algo que tambi\u00e9n ha afectado al Carnaval de Oruro, declarado Patrimonio de la Humanidad y uno de los m\u00e1s llamativos de Suram\u00e9rica, suspendido indefinidamente.<\/p>\n<p>Bolivia afronta una segunda ola de contagios por la covid-19 desde fines del a\u00f1o pasado con jornadas de m\u00e1s de 50 muertes diarias.<\/p>\n<p>Desde marzo pasado, se han reportado 10.633 decesos y 224.234 contagios confirmados.<\/p>\n<p>&nbsp;<\/p>\n<p>Fuente: EFE<\/p>\n","protected":false},"excerpt":{"rendered":"<p>&nbsp; La Paz, (EFE).- &nbsp; Al menos un centenar de <a href=\"https:\/\/sertv.gob.pa\/crisolfm\/un-centenar-de-arrestados-en-fiestas-clandestinas-precarnavaleras-en-bolivia\/\"> [&#8230;]<\/a><\/p>\n","protected":false},"author":9,"featured_media":37283,"comment_status":"closed","ping_status":"closed","sticky":false,"template":"","format":"standard","meta":{"footnotes":""},"categories":[6],"tags":[],"class_list":["post-37282","post","type-post","status-publish","format-standard","has-post-thumbnail","hentry","category-culturales"],"_links":{"self":[{"href":"https:\/\/sertv.gob.pa\/crisolfm\/wp-json\/wp\/v2\/posts\/37282","targetHints":{"allow":["GET"]}}],"collection":[{"href":"https:\/\/sertv.gob.pa\/crisolfm\/wp-json\/wp\/v2\/posts"}],"about":[{"href":"https:\/\/sertv.gob.pa\/crisolfm\/wp-json\/wp\/v2\/types\/post"}],"author":[{"embeddable":true,"href":"https:\/\/sertv.gob.pa\/crisolfm\/wp-json\/wp\/v2\/users\/9"}],"replies":[{"embeddable":true,"href":"https:\/\/sertv.gob.pa\/crisolfm\/wp-json\/wp\/v2\/comments?post=37282"}],"version-history":[{"count":1,"href":"https:\/\/sertv.gob.pa\/crisolfm\/wp-json\/wp\/v2\/posts\/37282\/revisions"}],"predecessor-version":[{"id":37284,"href":"https:\/\/sertv.gob.pa\/crisolfm\/wp-json\/wp\/v2\/posts\/37282\/revisions\/37284"}],"wp:featuredmedia":[{"embeddable":true,"href":"https:\/\/sertv.gob.pa\/crisolfm\/wp-json\/wp\/v2\/media\/37283"}],"wp:attachment":[{"href":"https:\/\/sertv.gob.pa\/crisolfm\/wp-json\/wp\/v2\/media?parent=37282"}],"wp:term":[{"taxonomy":"category","embeddable":true,"href":"https:\/\/sertv.gob.pa\/crisolfm\/wp-json\/wp\/v2\/categories?post=37282"},{"taxonomy":"post_tag","embeddable":true,"href":"https:\/\/sertv.gob.pa\/crisolfm\/wp-json\/wp\/v2\/tags?post=37282"}],"curies":[{"name":"wp","href":"https:\/\/api.w.org\/{rel}","templated":true}]}}