{"id":4072,"date":"2015-12-29T16:08:58","date_gmt":"2015-12-29T16:08:58","guid":{"rendered":""},"modified":"2015-12-29T16:08:58","modified_gmt":"2015-12-29T16:08:58","slug":"el-cuidado-de-la-guacamaya-es-impulsado-por-costa-rica","status":"publish","type":"post","link":"https:\/\/sertv.gob.pa\/crisolfm\/el-cuidado-de-la-guacamaya-es-impulsado-por-costa-rica\/","title":{"rendered":"El cuidado de la guacamaya es impulsado por Costa Rica"},"content":{"rendered":"<p>\nCosta Rica impulsa proyectos de protecci\u00f3n de las lapas rojas o guacamayas por medio de nidos artificiales, as\u00ed como educando a las comunidades para evitar que saqueen los nidos y comercialicen a los pichones como mascotas. <\/p>\n<p>La iniciativa surgi\u00f3 en los a\u00f1os 90 con un monitoreo de la poblaci\u00f3n que viajaba hacia el Parque Nacional Carara, localizado en la provincia de Puntarenas en el Pac\u00edfico Central. <\/p>\n<p>Luego de una serie de conteos durante a\u00f1os, los especialistas calcularon que la cantidad de aves de esa especie estaba declinando en m\u00e1s de ocho por a\u00f1o, por lo que trabajaron en la implementaci\u00f3n de estrategias de protecci\u00f3n. <\/p>\n<p>Para mejorar la condici\u00f3n de las guacamayas, el bi\u00f3logo de vida silvestre propuso la colocaci\u00f3n de nidos artificiales en sus h\u00e1bitat. <\/p>\n<p>\u00a0 <\/p>\n","protected":false},"excerpt":{"rendered":"<p>Costa Rica impulsa proyectos de protecci\u00f3n de las lapas rojas <a href=\"https:\/\/sertv.gob.pa\/crisolfm\/el-cuidado-de-la-guacamaya-es-impulsado-por-costa-rica\/\"> [&#8230;]<\/a><\/p>\n","protected":false},"author":1,"featured_media":4073,"comment_status":"closed","ping_status":"closed","sticky":false,"template":"","format":"standard","meta":{"footnotes":""},"categories":[7],"tags":[],"class_list":["post-4072","post","type-post","status-publish","format-standard","has-post-thumbnail","hentry","category-ecologicas"],"_links":{"self":[{"href":"https:\/\/sertv.gob.pa\/crisolfm\/wp-json\/wp\/v2\/posts\/4072","targetHints":{"allow":["GET"]}}],"collection":[{"href":"https:\/\/sertv.gob.pa\/crisolfm\/wp-json\/wp\/v2\/posts"}],"about":[{"href":"https:\/\/sertv.gob.pa\/crisolfm\/wp-json\/wp\/v2\/types\/post"}],"author":[{"embeddable":true,"href":"https:\/\/sertv.gob.pa\/crisolfm\/wp-json\/wp\/v2\/users\/1"}],"replies":[{"embeddable":true,"href":"https:\/\/sertv.gob.pa\/crisolfm\/wp-json\/wp\/v2\/comments?post=4072"}],"version-history":[{"count":0,"href":"https:\/\/sertv.gob.pa\/crisolfm\/wp-json\/wp\/v2\/posts\/4072\/revisions"}],"wp:featuredmedia":[{"embeddable":true,"href":"https:\/\/sertv.gob.pa\/crisolfm\/wp-json\/wp\/v2\/media\/4073"}],"wp:attachment":[{"href":"https:\/\/sertv.gob.pa\/crisolfm\/wp-json\/wp\/v2\/media?parent=4072"}],"wp:term":[{"taxonomy":"category","embeddable":true,"href":"https:\/\/sertv.gob.pa\/crisolfm\/wp-json\/wp\/v2\/categories?post=4072"},{"taxonomy":"post_tag","embeddable":true,"href":"https:\/\/sertv.gob.pa\/crisolfm\/wp-json\/wp\/v2\/tags?post=4072"}],"curies":[{"name":"wp","href":"https:\/\/api.w.org\/{rel}","templated":true}]}}