{"id":4168,"date":"2016-01-11T15:46:14","date_gmt":"2016-01-11T15:46:14","guid":{"rendered":""},"modified":"2016-01-11T15:46:14","modified_gmt":"2016-01-11T15:46:14","slug":"museo-regional-stella-sierra-en-aguadulce","status":"publish","type":"post","link":"https:\/\/sertv.gob.pa\/crisolfm\/museo-regional-stella-sierra-en-aguadulce\/","title":{"rendered":"Museo Regional Stella Sierra en Aguadulce"},"content":{"rendered":"<p>\nLa ciudad de  Aguadulce (provincia de Cocl\u00e9)  est\u00e1 ubicada a 190 kil\u00f3metros de la ciudad capital y es un rinc\u00f3n pintoresco conocido m\u00e1s que nada por la producci\u00f3n de la sal y el az\u00facar. <\/p>\n<p>Si usted visita este punto del pa\u00eds y desea conocer detalles de su historia, es recomendable que haga un recorrido por el  Museo Regional de Aguadulce Stella Sierra . <\/p>\n<p>Esta pinacoteca conserva la historia, las tradiciones y las costumbres de  Aguadulce , explica Yadira Guevara Hern\u00e1ndez, jefa del museo. <\/p>\n<p>El Edificio donde se encuentra fue usado en 1925 como sala de reuniones y fiestas. En 1943 empez\u00f3 a funcionar como una oficina de correos y tel\u00e9grafos. El 26 de junio de 1998 abri\u00f3 sus puertas con el nombre de  Museo de la Sal y el Az\u00facar . <\/p>\n<p>En 2005 le dieron el nombre de  Stella Sierra , una poetisa que a pesar de que no naci\u00f3 en Aguadulce s\u00ed creci\u00f3 y vivi\u00f3 en esta ciudad e incluso su casa estaba ubicada a un costado de este museo, detalla Guevara Hern\u00e1ndez. <\/p>\n<p>El  museo  cuenta con dos plantas. En la parte baja se realizan las  exposiciones temporales  con tem\u00e1ticas variadas, ya sean muestras pict\u00f3ricas, geol\u00f3gicas, literarias y folcl\u00f3ricas, entre otras. <\/p>\n<p>Mientras que en la planta alta est\u00e1n las exhibiciones permanentes, cuyos temas van desde la presencia ind\u00edgena en la regi\u00f3n; la producci\u00f3n de az\u00facar y hasta la extracci\u00f3n de la sal desde una perspectiva cultural, social y econ\u00f3mica, detalla. <\/p>\n<p>Adem\u00e1s, encontrar\u00e1 documentos con datos de la historia de  Aguadulce . De igual manera, hay un espacio donde se resaltan personajes como Rodolfo Chiari, Octavio M\u00e9ndez Pereira y Marco Robles, entre otros. <\/p>\n<p>Hay un rinc\u00f3n con la  historia  del primer salinero de la ciudad, el se\u00f1or Nicol\u00e1s Acu\u00f1a. <\/p>\n<p>El  Museo Regional de Aguadulce Stella Sierra  funciona de martes a s\u00e1bado, en un horario de 8:00 a.m. a 4:00 p.m. El costo de entrada es de 25 cent\u00e9simos para los ni\u00f1os y un d\u00f3lar para los adultos. <\/p>\n<p>\u00a0 <\/p>\n","protected":false},"excerpt":{"rendered":"<p>La ciudad de Aguadulce (provincia de Cocl\u00e9) est\u00e1 ubicada a <a href=\"https:\/\/sertv.gob.pa\/crisolfm\/museo-regional-stella-sierra-en-aguadulce\/\"> [&#8230;]<\/a><\/p>\n","protected":false},"author":1,"featured_media":4169,"comment_status":"closed","ping_status":"closed","sticky":false,"template":"","format":"standard","meta":{"footnotes":""},"categories":[6],"tags":[],"class_list":["post-4168","post","type-post","status-publish","format-standard","has-post-thumbnail","hentry","category-culturales"],"_links":{"self":[{"href":"https:\/\/sertv.gob.pa\/crisolfm\/wp-json\/wp\/v2\/posts\/4168","targetHints":{"allow":["GET"]}}],"collection":[{"href":"https:\/\/sertv.gob.pa\/crisolfm\/wp-json\/wp\/v2\/posts"}],"about":[{"href":"https:\/\/sertv.gob.pa\/crisolfm\/wp-json\/wp\/v2\/types\/post"}],"author":[{"embeddable":true,"href":"https:\/\/sertv.gob.pa\/crisolfm\/wp-json\/wp\/v2\/users\/1"}],"replies":[{"embeddable":true,"href":"https:\/\/sertv.gob.pa\/crisolfm\/wp-json\/wp\/v2\/comments?post=4168"}],"version-history":[{"count":0,"href":"https:\/\/sertv.gob.pa\/crisolfm\/wp-json\/wp\/v2\/posts\/4168\/revisions"}],"wp:featuredmedia":[{"embeddable":true,"href":"https:\/\/sertv.gob.pa\/crisolfm\/wp-json\/wp\/v2\/media\/4169"}],"wp:attachment":[{"href":"https:\/\/sertv.gob.pa\/crisolfm\/wp-json\/wp\/v2\/media?parent=4168"}],"wp:term":[{"taxonomy":"category","embeddable":true,"href":"https:\/\/sertv.gob.pa\/crisolfm\/wp-json\/wp\/v2\/categories?post=4168"},{"taxonomy":"post_tag","embeddable":true,"href":"https:\/\/sertv.gob.pa\/crisolfm\/wp-json\/wp\/v2\/tags?post=4168"}],"curies":[{"name":"wp","href":"https:\/\/api.w.org\/{rel}","templated":true}]}}