{"id":4170,"date":"2016-01-11T15:59:25","date_gmt":"2016-01-11T15:59:25","guid":{"rendered":""},"modified":"2016-01-11T15:59:25","modified_gmt":"2016-01-11T15:59:25","slug":"feria-de-las-flores-y-del-cafe-en-boquete","status":"publish","type":"post","link":"https:\/\/sertv.gob.pa\/crisolfm\/feria-de-las-flores-y-del-cafe-en-boquete\/","title":{"rendered":"Feria de las Flores y del Caf\u00e9 en Boquete"},"content":{"rendered":"<p>\nLas nuevas variedades de plantas y el atractivo tur\u00edstico que ofrece Boquete, provincia de Chiriqu\u00ed durante la celebraci\u00f3n de la Feria de las Flores y el Caf\u00e9 (FFC), no faltar\u00e1n este a\u00f1o,\u00a0 expres\u00f3 Reynaldo Serrac\u00edn presidente del patronato de esta actividad ferial durante la celebraci\u00f3n de la conferencia de prensa para la XLIV versi\u00f3n del evento. <\/p>\n<p>De acuerdo con Serrac\u00edn, los embates del cambio clim\u00e1tico les han afectado y hasta les oblig\u00f3 a reemplazar jardines durante las recientes inundaciones. No obstante, est\u00e1n listos con las nuevas variedades de h\u00edbridos y plantas end\u00e9micas para deleitar la vista de los turistas locales e internacionales que cada a\u00f1o acuden al recinto ferial. <\/p>\n<p>&lsquo;Nuestro atractivo son las flores y el caf\u00e9 y por ello cada a\u00f1o las compa\u00f1\u00edas que proveen las semillas crean h\u00edbridos todos los a\u00f1os para variar los espec\u00edmenes&#8217;, indic\u00f3. <\/p>\n<p>Unas 145,604 personas pagaron su entrada en 2015. Para este a\u00f1o, el patronato espera recibir 150 mil visitantes. <\/p>\n<p>La Feria de las Flores y del Caf\u00e9 se realizar\u00e1 del 14 al 24 del mes en curso. <\/p>\n<p>\u00a0 <\/p>\n","protected":false},"excerpt":{"rendered":"<p>Las nuevas variedades de plantas y el atractivo tur\u00edstico que <a href=\"https:\/\/sertv.gob.pa\/crisolfm\/feria-de-las-flores-y-del-cafe-en-boquete\/\"> [&#8230;]<\/a><\/p>\n","protected":false},"author":1,"featured_media":4171,"comment_status":"closed","ping_status":"closed","sticky":false,"template":"","format":"standard","meta":{"footnotes":""},"categories":[6],"tags":[],"class_list":["post-4170","post","type-post","status-publish","format-standard","has-post-thumbnail","hentry","category-culturales"],"_links":{"self":[{"href":"https:\/\/sertv.gob.pa\/crisolfm\/wp-json\/wp\/v2\/posts\/4170","targetHints":{"allow":["GET"]}}],"collection":[{"href":"https:\/\/sertv.gob.pa\/crisolfm\/wp-json\/wp\/v2\/posts"}],"about":[{"href":"https:\/\/sertv.gob.pa\/crisolfm\/wp-json\/wp\/v2\/types\/post"}],"author":[{"embeddable":true,"href":"https:\/\/sertv.gob.pa\/crisolfm\/wp-json\/wp\/v2\/users\/1"}],"replies":[{"embeddable":true,"href":"https:\/\/sertv.gob.pa\/crisolfm\/wp-json\/wp\/v2\/comments?post=4170"}],"version-history":[{"count":0,"href":"https:\/\/sertv.gob.pa\/crisolfm\/wp-json\/wp\/v2\/posts\/4170\/revisions"}],"wp:featuredmedia":[{"embeddable":true,"href":"https:\/\/sertv.gob.pa\/crisolfm\/wp-json\/wp\/v2\/media\/4171"}],"wp:attachment":[{"href":"https:\/\/sertv.gob.pa\/crisolfm\/wp-json\/wp\/v2\/media?parent=4170"}],"wp:term":[{"taxonomy":"category","embeddable":true,"href":"https:\/\/sertv.gob.pa\/crisolfm\/wp-json\/wp\/v2\/categories?post=4170"},{"taxonomy":"post_tag","embeddable":true,"href":"https:\/\/sertv.gob.pa\/crisolfm\/wp-json\/wp\/v2\/tags?post=4170"}],"curies":[{"name":"wp","href":"https:\/\/api.w.org\/{rel}","templated":true}]}}