{"id":44339,"date":"2021-08-30T19:04:43","date_gmt":"2021-08-30T19:04:43","guid":{"rendered":"https:\/\/sertv.gob.pa\/crisolfm\/?p=44339"},"modified":"2021-08-30T19:04:43","modified_gmt":"2021-08-30T19:04:43","slug":"realiza-arborizacion-en-el-parque-de-portobelo","status":"publish","type":"post","link":"https:\/\/sertv.gob.pa\/crisolfm\/realiza-arborizacion-en-el-parque-de-portobelo\/","title":{"rendered":"Realiza arborizaci\u00f3n en el Parque de Portobelo"},"content":{"rendered":"<div class=\"fusion-fullwidth fullwidth-box fusion-builder-row-1 fusion-flex-container nonhundred-percent-fullwidth non-hundred-percent-height-scrolling\" style=\"--awb-border-radius-top-left:0px;--awb-border-radius-top-right:0px;--awb-border-radius-bottom-right:0px;--awb-border-radius-bottom-left:0px;--awb-flex-wrap:wrap;\" ><div class=\"fusion-builder-row fusion-row fusion-flex-align-items-flex-start fusion-flex-content-wrap\" style=\"max-width:1144px;margin-left: calc(-4% \/ 2 );margin-right: calc(-4% \/ 2 );\"><div class=\"fusion-layout-column fusion_builder_column fusion-builder-column-0 fusion_builder_column_1_1 1_1 fusion-flex-column\" style=\"--awb-bg-size:cover;--awb-width-large:100%;--awb-margin-top-large:0px;--awb-spacing-right-large:1.92%;--awb-margin-bottom-large:20px;--awb-spacing-left-large:1.92%;--awb-width-medium:100%;--awb-order-medium:0;--awb-spacing-right-medium:1.92%;--awb-spacing-left-medium:1.92%;--awb-width-small:100%;--awb-order-small:0;--awb-spacing-right-small:1.92%;--awb-spacing-left-small:1.92%;\"><div class=\"fusion-column-wrapper fusion-column-has-shadow fusion-flex-justify-content-flex-start fusion-content-layout-column\"><div class=\"fusion-text fusion-text-1\"><p>El parque central del pueblo de Portobelo, testigo de la historia de este pueblo colonial, fue intervenido con la siembra de 24 plantones ornamentales por parte personal del Ministerio de Ambiente (Mi AMBIENTE) de la provincia de Col\u00f3n.<\/p>\n<p>La siembra se realiz\u00f3 en el marco de la conmemoraci\u00f3n del D\u00eda Internacional de los Parque Nacionales en la que particip\u00f3 la directora regional de MiAMBIENTE en Col\u00f3n, Griselda Mart\u00ednez, el vicegobernador de Col\u00f3n Jorge Villanueva, el alcalde del distrito de Portobelo Carlos Chavarr\u00eda, guardaparques del Parque Nacional Portobelo, t\u00e9cnico de Costa y Mares y voluntarios de la comunidad.<\/p>\n<p>La siembra consisti\u00f3 en 24 plantas ornamentales de la especie Coleo (Solenostemon) y seg\u00fan la Directora regional de MiAMBIENTE,\u00a0 adem\u00e1s de cumplir con la misi\u00f3n de embellecer los espacios naturales de la regi\u00f3n, con este tipo de acciones se busca fomentar en la ciudadan\u00eda una cultura ambiental participativa.<\/p>\n<p>Por su parte Carlos Chavarr\u00eda alcalde del distrito de Portobelo manifest\u00f3 su agradecimiento a Mi AMBIENTE por atender la solicitud que lleva como resultado un cambio en el aspecto del parque.<\/p>\n<p>Fuente: MiAmbiente<\/p>\n<\/div><\/div><\/div><\/div><\/div>\n","protected":false},"excerpt":{"rendered":"","protected":false},"author":64,"featured_media":44341,"comment_status":"closed","ping_status":"closed","sticky":false,"template":"","format":"standard","meta":{"footnotes":""},"categories":[7],"tags":[],"class_list":["post-44339","post","type-post","status-publish","format-standard","has-post-thumbnail","hentry","category-ecologicas"],"_links":{"self":[{"href":"https:\/\/sertv.gob.pa\/crisolfm\/wp-json\/wp\/v2\/posts\/44339","targetHints":{"allow":["GET"]}}],"collection":[{"href":"https:\/\/sertv.gob.pa\/crisolfm\/wp-json\/wp\/v2\/posts"}],"about":[{"href":"https:\/\/sertv.gob.pa\/crisolfm\/wp-json\/wp\/v2\/types\/post"}],"author":[{"embeddable":true,"href":"https:\/\/sertv.gob.pa\/crisolfm\/wp-json\/wp\/v2\/users\/64"}],"replies":[{"embeddable":true,"href":"https:\/\/sertv.gob.pa\/crisolfm\/wp-json\/wp\/v2\/comments?post=44339"}],"version-history":[{"count":1,"href":"https:\/\/sertv.gob.pa\/crisolfm\/wp-json\/wp\/v2\/posts\/44339\/revisions"}],"predecessor-version":[{"id":44343,"href":"https:\/\/sertv.gob.pa\/crisolfm\/wp-json\/wp\/v2\/posts\/44339\/revisions\/44343"}],"wp:featuredmedia":[{"embeddable":true,"href":"https:\/\/sertv.gob.pa\/crisolfm\/wp-json\/wp\/v2\/media\/44341"}],"wp:attachment":[{"href":"https:\/\/sertv.gob.pa\/crisolfm\/wp-json\/wp\/v2\/media?parent=44339"}],"wp:term":[{"taxonomy":"category","embeddable":true,"href":"https:\/\/sertv.gob.pa\/crisolfm\/wp-json\/wp\/v2\/categories?post=44339"},{"taxonomy":"post_tag","embeddable":true,"href":"https:\/\/sertv.gob.pa\/crisolfm\/wp-json\/wp\/v2\/tags?post=44339"}],"curies":[{"name":"wp","href":"https:\/\/api.w.org\/{rel}","templated":true}]}}