{"id":4446,"date":"2016-02-12T16:00:43","date_gmt":"2016-02-12T16:00:43","guid":{"rendered":""},"modified":"2016-02-12T16:00:43","modified_gmt":"2016-02-12T16:00:43","slug":"monje-tibetano-dictara-3-charlas-sobre-meditacion-en-panama","status":"publish","type":"post","link":"https:\/\/sertv.gob.pa\/crisolfm\/monje-tibetano-dictara-3-charlas-sobre-meditacion-en-panama\/","title":{"rendered":"Monje tibetano dictar\u00e1 3 charlas sobre meditaci\u00f3n en Panam\u00e1"},"content":{"rendered":"<p>\nDel 16 al 17 de febrero se dictar\u00e1n tres charlas sobre meditaci\u00f3n dirigidas por el monje tibetano, Lama Lobsang Samten. <\/p>\n<p>Originario del Tibet, Lama Lobsang Samten, se refugi\u00f3 en la India por muchos a\u00f1os, terminando sus estudios de filosof\u00eda budista tibetana en el monasterio de Ganden, reestablecido en el sur de la India por el Dalai Lama, donde obtuvo el t\u00edtulo de gecshe (equivalente a doctor). Actualmente reside en Canad\u00e1, donde dirige en Quebec el Centro de Meditaci\u00f3n Paramita. <\/p>\n<p>De paso por Panam\u00e1 ofrecer\u00e1 3 charlas en la ciudad, empezando con &lsquo;Cultivar el desapego&#8217;, el 16 de febrero, que se efectuar\u00e1 en Fanlyc a las 6 de la tarde a un costo de 10 d\u00f3lares. <\/p>\n<p>El 17 de febrero, en la Facultad de Humanidades de la Universidad de Panam\u00e1, \u00a0a las 10 de la ma\u00f1ana se ofrecer\u00e1 un encuentro sobre &lsquo;La calma mental&#8217;, completamente gratis. Seguido, el mismo d\u00eda \u00a0en el Parque Omar se hablar\u00e1 sobre &lsquo;Meditaci\u00f3n para ser feliz&#8217;, a las 4 de la tarde, una actividad tambi\u00e9n gratuita. <\/p>\n<p>Por \u00faltimo en la &lsquo;Fundaci\u00f3n Entre Todos&#8217;, en San Francisco, el monje hablar\u00e1 sobre &lsquo;Vivir el presente&#8217; a las 6 de la tarde, a un costo de 10 d\u00f3lares. <\/p>\n<p>Juan G\u00f3mez, uno de los organizadores, explica que los saberes de Lama aportan a la relajaci\u00f3n y paz a quienes les interese entender el mundo del budismo y encarar el diario vivir con m\u00e1s calma. <\/p>\n<p>\u00a0 <\/p>\n","protected":false},"excerpt":{"rendered":"<p>Del 16 al 17 de febrero se dictar\u00e1n tres charlas <a href=\"https:\/\/sertv.gob.pa\/crisolfm\/monje-tibetano-dictara-3-charlas-sobre-meditacion-en-panama\/\"> [&#8230;]<\/a><\/p>\n","protected":false},"author":1,"featured_media":4447,"comment_status":"closed","ping_status":"closed","sticky":false,"template":"","format":"standard","meta":{"footnotes":""},"categories":[6],"tags":[],"class_list":["post-4446","post","type-post","status-publish","format-standard","has-post-thumbnail","hentry","category-culturales"],"_links":{"self":[{"href":"https:\/\/sertv.gob.pa\/crisolfm\/wp-json\/wp\/v2\/posts\/4446","targetHints":{"allow":["GET"]}}],"collection":[{"href":"https:\/\/sertv.gob.pa\/crisolfm\/wp-json\/wp\/v2\/posts"}],"about":[{"href":"https:\/\/sertv.gob.pa\/crisolfm\/wp-json\/wp\/v2\/types\/post"}],"author":[{"embeddable":true,"href":"https:\/\/sertv.gob.pa\/crisolfm\/wp-json\/wp\/v2\/users\/1"}],"replies":[{"embeddable":true,"href":"https:\/\/sertv.gob.pa\/crisolfm\/wp-json\/wp\/v2\/comments?post=4446"}],"version-history":[{"count":0,"href":"https:\/\/sertv.gob.pa\/crisolfm\/wp-json\/wp\/v2\/posts\/4446\/revisions"}],"wp:featuredmedia":[{"embeddable":true,"href":"https:\/\/sertv.gob.pa\/crisolfm\/wp-json\/wp\/v2\/media\/4447"}],"wp:attachment":[{"href":"https:\/\/sertv.gob.pa\/crisolfm\/wp-json\/wp\/v2\/media?parent=4446"}],"wp:term":[{"taxonomy":"category","embeddable":true,"href":"https:\/\/sertv.gob.pa\/crisolfm\/wp-json\/wp\/v2\/categories?post=4446"},{"taxonomy":"post_tag","embeddable":true,"href":"https:\/\/sertv.gob.pa\/crisolfm\/wp-json\/wp\/v2\/tags?post=4446"}],"curies":[{"name":"wp","href":"https:\/\/api.w.org\/{rel}","templated":true}]}}