{"id":4842,"date":"2016-03-31T15:36:46","date_gmt":"2016-03-31T15:36:46","guid":{"rendered":""},"modified":"2016-03-31T15:36:46","modified_gmt":"2016-03-31T15:36:46","slug":"medalla-rogelio-sinan-2016-sera-otorgada-a-poeta-jose-franco","status":"publish","type":"post","link":"https:\/\/sertv.gob.pa\/crisolfm\/medalla-rogelio-sinan-2016-sera-otorgada-a-poeta-jose-franco\/","title":{"rendered":"Medalla &#8216;Rogelio Sin\u00e1n&#8217; 2016 ser\u00e1 otorgada a poeta Jos\u00e9 Franco"},"content":{"rendered":"<p>\nEl poeta Jos\u00e9 Franco, honrado con la Medalla Rogelio Sin\u00e1n 2016, Condecoraci\u00f3n que premia una trayectoria de excelencia en las letras <\/p>\n<p> El normalista, calobre\u00f1o (quien reci\u00e9n cumpli\u00f3 80 a\u00f1os el pasado jueves), autor de obras de  m\u00e1s de 20 libros, muchos de ellos de corte nacionalista, \u00a0como \u00a0las novelas \u00abPanam\u00e1 defendida\u00bb, \u00abLas luci\u00e9rnagas de la muerte\u00bb, \u00abOperaci\u00f3n Plutonio 239\u00bb. <\/p>\n<p>Ganador de varios Premios &#8216;Ricardo Mir\u00f3&#8217;, entre ellos uno en poes\u00eda (1975) y otro en teatro (1976).\u00a0 <\/p>\n<p>Periodista, ex director del Inac, promotor cultural, diplom\u00e1tico, el poeta Jos\u00e9 Franco igualmente ha escrito libros para ni\u00f1os. <\/p>\n<p>Obras suyas, como \u00abLas luci\u00e9rnagas de la muerte\u00bb (sobre la invasi\u00f3n del ej\u00e9rcito de Estados Unidos a Panam\u00e1 el 20 de diciembre de 1989), han sido traducidas. Tambi\u00e9n, \u00abPanam\u00e1 defendida \u00bb lleva seis ediciones. <\/p>\n<p>La convocatoria para postular candidatos a la Condecoraci\u00f3n Rogelio Sin\u00e1n 2016, la hicieron el 22 de febrero el \u00a0Ministerio de Educaci\u00f3n (MEDUCA), el Instituto Nacional de Cultura (INAC) y el Consejo Nacional de Escritoras y Escritores de Panam\u00e1 (CONEYEP). <\/p>\n<p>La Condecoraci\u00f3n Rogelio Sin\u00e1n \u00a0se otorgar\u00e1 \u00a0el 25 de abril, \u00a0en el marco de la celebraci\u00f3n del D\u00eda de la Escritora y el Escritor Paname\u00f1os. <\/p>\n<p>\u00a0 <\/p>\n<p>\u00a0 <\/p>\n","protected":false},"excerpt":{"rendered":"<p>El poeta Jos\u00e9 Franco, honrado con la Medalla Rogelio Sin\u00e1n <a href=\"https:\/\/sertv.gob.pa\/crisolfm\/medalla-rogelio-sinan-2016-sera-otorgada-a-poeta-jose-franco\/\"> [&#8230;]<\/a><\/p>\n","protected":false},"author":1,"featured_media":4843,"comment_status":"closed","ping_status":"closed","sticky":false,"template":"","format":"standard","meta":{"footnotes":""},"categories":[6],"tags":[],"class_list":["post-4842","post","type-post","status-publish","format-standard","has-post-thumbnail","hentry","category-culturales"],"_links":{"self":[{"href":"https:\/\/sertv.gob.pa\/crisolfm\/wp-json\/wp\/v2\/posts\/4842","targetHints":{"allow":["GET"]}}],"collection":[{"href":"https:\/\/sertv.gob.pa\/crisolfm\/wp-json\/wp\/v2\/posts"}],"about":[{"href":"https:\/\/sertv.gob.pa\/crisolfm\/wp-json\/wp\/v2\/types\/post"}],"author":[{"embeddable":true,"href":"https:\/\/sertv.gob.pa\/crisolfm\/wp-json\/wp\/v2\/users\/1"}],"replies":[{"embeddable":true,"href":"https:\/\/sertv.gob.pa\/crisolfm\/wp-json\/wp\/v2\/comments?post=4842"}],"version-history":[{"count":0,"href":"https:\/\/sertv.gob.pa\/crisolfm\/wp-json\/wp\/v2\/posts\/4842\/revisions"}],"wp:featuredmedia":[{"embeddable":true,"href":"https:\/\/sertv.gob.pa\/crisolfm\/wp-json\/wp\/v2\/media\/4843"}],"wp:attachment":[{"href":"https:\/\/sertv.gob.pa\/crisolfm\/wp-json\/wp\/v2\/media?parent=4842"}],"wp:term":[{"taxonomy":"category","embeddable":true,"href":"https:\/\/sertv.gob.pa\/crisolfm\/wp-json\/wp\/v2\/categories?post=4842"},{"taxonomy":"post_tag","embeddable":true,"href":"https:\/\/sertv.gob.pa\/crisolfm\/wp-json\/wp\/v2\/tags?post=4842"}],"curies":[{"name":"wp","href":"https:\/\/api.w.org\/{rel}","templated":true}]}}