{"id":4902,"date":"2016-04-07T14:53:47","date_gmt":"2016-04-07T14:53:47","guid":{"rendered":""},"modified":"2016-04-07T14:53:47","modified_gmt":"2016-04-07T14:53:47","slug":"cerca-de-100-hectareas-afectadas-por-incendio-en-garachine","status":"publish","type":"post","link":"https:\/\/sertv.gob.pa\/crisolfm\/cerca-de-100-hectareas-afectadas-por-incendio-en-garachine\/","title":{"rendered":"Cerca de 100 hect\u00e1reas afectadas por incendio en Garachin\u00e9"},"content":{"rendered":"<p>\nAl menos 100 hect\u00e1reas de bosque seco tropical se han afectado producto del incendio registrado en Santa B\u00e1rbara, corregimiento de Garachin\u00e9, inform\u00f3 el Ministerio de Ambiente (MiAmbiente). \u00a0 <\/p>\n<p>El hecho trajo da\u00f1os a la biodiversidad de esta \u00e1rea adyacente al Parque Nacional Dari\u00e9n, seg\u00fan se pudo constatar en un sobrevuelo hecho por el\u00a0personal de MiAmbiente y del Cuerpo de Bomberos de Panam\u00e1.\u00a0 <\/p>\n<p>Ante esta situaci\u00f3n, las entidades elaboraron\u00a0un plan de contingencia para atender el incendio, desarrollado en una zona de dif\u00edcil acceso, y con ello evitar su propagaci\u00f3n ante la fuerte sequ\u00eda que se da en el pa\u00eds producto del fen\u00f3meno de El Ni\u00f1o, seg\u00fan MiAmbiente. \u00a0 <\/p>\n<p>Se han conformado brigadas de combate, control, extinci\u00f3n y log\u00edstica, integradas por un equipo de aproximadamente 80 t\u00e9cnicos, miembros de las comunidades, voluntarios, adem\u00e1s del apoyo otras instituciones que conforman la Fuerza de Tarea Conjunta (FTC). <\/p>\n<p>Igualmente\u00a0se contar\u00e1 con un equipo de investigaci\u00f3n para determinar las causas de origen del incendio y dar con los responsables.\u00a0 <\/p>\n<p>\u00a0 <\/p>\n<p>\u00a0 <\/p>\n","protected":false},"excerpt":{"rendered":"<p>Al menos 100 hect\u00e1reas de bosque seco tropical se han <a href=\"https:\/\/sertv.gob.pa\/crisolfm\/cerca-de-100-hectareas-afectadas-por-incendio-en-garachine\/\"> [&#8230;]<\/a><\/p>\n","protected":false},"author":1,"featured_media":4903,"comment_status":"closed","ping_status":"closed","sticky":false,"template":"","format":"standard","meta":{"footnotes":""},"categories":[7],"tags":[],"class_list":["post-4902","post","type-post","status-publish","format-standard","has-post-thumbnail","hentry","category-ecologicas"],"_links":{"self":[{"href":"https:\/\/sertv.gob.pa\/crisolfm\/wp-json\/wp\/v2\/posts\/4902","targetHints":{"allow":["GET"]}}],"collection":[{"href":"https:\/\/sertv.gob.pa\/crisolfm\/wp-json\/wp\/v2\/posts"}],"about":[{"href":"https:\/\/sertv.gob.pa\/crisolfm\/wp-json\/wp\/v2\/types\/post"}],"author":[{"embeddable":true,"href":"https:\/\/sertv.gob.pa\/crisolfm\/wp-json\/wp\/v2\/users\/1"}],"replies":[{"embeddable":true,"href":"https:\/\/sertv.gob.pa\/crisolfm\/wp-json\/wp\/v2\/comments?post=4902"}],"version-history":[{"count":0,"href":"https:\/\/sertv.gob.pa\/crisolfm\/wp-json\/wp\/v2\/posts\/4902\/revisions"}],"wp:featuredmedia":[{"embeddable":true,"href":"https:\/\/sertv.gob.pa\/crisolfm\/wp-json\/wp\/v2\/media\/4903"}],"wp:attachment":[{"href":"https:\/\/sertv.gob.pa\/crisolfm\/wp-json\/wp\/v2\/media?parent=4902"}],"wp:term":[{"taxonomy":"category","embeddable":true,"href":"https:\/\/sertv.gob.pa\/crisolfm\/wp-json\/wp\/v2\/categories?post=4902"},{"taxonomy":"post_tag","embeddable":true,"href":"https:\/\/sertv.gob.pa\/crisolfm\/wp-json\/wp\/v2\/tags?post=4902"}],"curies":[{"name":"wp","href":"https:\/\/api.w.org\/{rel}","templated":true}]}}