{"id":5054,"date":"2016-04-23T05:00:00","date_gmt":"2016-04-23T05:00:00","guid":{"rendered":""},"modified":"2016-04-23T05:00:00","modified_gmt":"2016-04-23T05:00:00","slug":"proyecto-para-paliar-quema-y-tala-de-bosques-es-lanzado","status":"publish","type":"post","link":"https:\/\/sertv.gob.pa\/crisolfm\/proyecto-para-paliar-quema-y-tala-de-bosques-es-lanzado\/","title":{"rendered":"Proyecto para paliar quema y tala de bosques es lanzado"},"content":{"rendered":"<p>\nEsta semana tuvo lugar el lanzamiento del proyecto &lsquo;Consolidaci\u00f3n de la fase de preparaci\u00f3n para la reducci\u00f3n de las emisiones derivadas de la deforestaci\u00f3n y degradaci\u00f3n de bosques (REDD+) en Panam\u00e1&#8217;, financiado por el Banco Mundial ($3.8 millones). <\/p>\n<p>Al evento asistieron representantes con responsabilidad y conciencia ambiental, del sector p\u00fablico, privado, academias, pueblos originarios, sociedad civil en general, el Ministerio de Ambiente (MiAmbiente) y el Programa de las Naciones Unidas para el Desarrollo (PNUD), implementador del proyecto. <\/p>\n<p>El plan de Estado contempla la adopci\u00f3n de medidas que limiten las emisiones de gases de efecto invernadero, uno de los retos m\u00e1s grandes de la humanidad, para que el aumento de la temperatura media global no exceda los 2\u00b0C. <\/p>\n<p>Entre los objetivos de REDD+ est\u00e1 mejorar la gesti\u00f3n de protecci\u00f3n y conservaci\u00f3n de los bosques, impulsando el aumento de las reservas de carbono y la restauraci\u00f3n de tierras degradadas, mediante la reforestaci\u00f3n, el manejo forestal sostenible y la reducci\u00f3n de la deforestaci\u00f3n y degradaci\u00f3n de las \u00e1reas verdes, se\u00f1al\u00f3 F\u00e9lix Wing, secretario general de MiAmbiente. <\/p>\n<p>&lsquo;El pa\u00eds ha emprendido acciones destinadas a la restauraci\u00f3n y rehabilitaci\u00f3n de \u00e1reas degradas mediante la Alianza por el Mill\u00f3n de Hect\u00e1reas y paralelamente avanza en la fase preparatoria para REDD+ como parte de su estrategia nacional de cambio clim\u00e1tico, encaminando al pa\u00eds al desarrollo econ\u00f3mico y social bajo en carbono y resiliente al cambio clim\u00e1tico&#8217;, expres\u00f3 Wing. <\/p>\n<p>Se plantea generar estrategias que incluyan pol\u00edticas y medidas para reducir la deforestaci\u00f3n e implementar acciones de manera participativa y con est\u00e1ndares internacionales que permitan su financiamiento, expres\u00f3 J\u00e9ssica Young, del PNUD. <\/p>\n<p>\u00a0 <\/p>\n","protected":false},"excerpt":{"rendered":"<p>Esta semana tuvo lugar el lanzamiento del proyecto &lsquo;Consolidaci\u00f3n de <a href=\"https:\/\/sertv.gob.pa\/crisolfm\/proyecto-para-paliar-quema-y-tala-de-bosques-es-lanzado\/\"> [&#8230;]<\/a><\/p>\n","protected":false},"author":1,"featured_media":5055,"comment_status":"closed","ping_status":"closed","sticky":false,"template":"","format":"standard","meta":{"footnotes":""},"categories":[7],"tags":[],"class_list":["post-5054","post","type-post","status-publish","format-standard","has-post-thumbnail","hentry","category-ecologicas"],"_links":{"self":[{"href":"https:\/\/sertv.gob.pa\/crisolfm\/wp-json\/wp\/v2\/posts\/5054","targetHints":{"allow":["GET"]}}],"collection":[{"href":"https:\/\/sertv.gob.pa\/crisolfm\/wp-json\/wp\/v2\/posts"}],"about":[{"href":"https:\/\/sertv.gob.pa\/crisolfm\/wp-json\/wp\/v2\/types\/post"}],"author":[{"embeddable":true,"href":"https:\/\/sertv.gob.pa\/crisolfm\/wp-json\/wp\/v2\/users\/1"}],"replies":[{"embeddable":true,"href":"https:\/\/sertv.gob.pa\/crisolfm\/wp-json\/wp\/v2\/comments?post=5054"}],"version-history":[{"count":0,"href":"https:\/\/sertv.gob.pa\/crisolfm\/wp-json\/wp\/v2\/posts\/5054\/revisions"}],"wp:featuredmedia":[{"embeddable":true,"href":"https:\/\/sertv.gob.pa\/crisolfm\/wp-json\/wp\/v2\/media\/5055"}],"wp:attachment":[{"href":"https:\/\/sertv.gob.pa\/crisolfm\/wp-json\/wp\/v2\/media?parent=5054"}],"wp:term":[{"taxonomy":"category","embeddable":true,"href":"https:\/\/sertv.gob.pa\/crisolfm\/wp-json\/wp\/v2\/categories?post=5054"},{"taxonomy":"post_tag","embeddable":true,"href":"https:\/\/sertv.gob.pa\/crisolfm\/wp-json\/wp\/v2\/tags?post=5054"}],"curies":[{"name":"wp","href":"https:\/\/api.w.org\/{rel}","templated":true}]}}