{"id":5068,"date":"2016-04-25T16:13:34","date_gmt":"2016-04-25T16:13:34","guid":{"rendered":""},"modified":"2016-04-25T16:13:34","modified_gmt":"2016-04-25T16:13:34","slug":"en-darien-10-mil-hectareas-afectadas-por-quemas","status":"publish","type":"post","link":"https:\/\/sertv.gob.pa\/crisolfm\/en-darien-10-mil-hectareas-afectadas-por-quemas\/","title":{"rendered":"En Dari\u00e9n 10 mil hect\u00e1reas afectadas por quemas"},"content":{"rendered":"<p>\nCerca de unas  10 mil hect\u00e1reas  han sido quemadas este a\u00f1o en la provincia de Dari\u00e9n. <\/p>\n<p>As\u00ed lo dio a conocer el ministro de Desarrollo Agropecuario, quien a\u00f1adi\u00f3 que, con estas quemas, \u00a0se est\u00e1 perdiendo mucho pasto para alimentar el ganado. <\/p>\n<p>La quema \u00abindiscriminada\u00bb de cerros, monta\u00f1as y pastizales est\u00e1n haciendo un gran da\u00f1o al sector agropecuario del pa\u00eds, manifest\u00f3 el funcionario, durante una gira por la provincia de Los Santos. <\/p>\n<p>Cabe resaltar que el m\u00e1s reciente incendio registrado en la provincia de Dari\u00e9n ya fue controlado, seg\u00fan las autoridades. En las labores particip\u00f3 personal del Ministerio de Ambiente, Cuerpo de Bomberos de Panam\u00e1, el Sistema Nacional de Protecci\u00f3n Civil junto, as\u00ed como organismos estadounidenses. <\/p>\n<p>Un total de 5 mil 766 incendios forestales ha atendido &ndash;en lo que va del a\u00f1o 2016&ndash; el Cuerpo de Bomberos de Panam\u00e1, a lo largo de todo el pa\u00eds. <\/p>\n<p>Por otro lado, el ministro resalt\u00f3 que, en lo que va del a\u00f1o, han muerto unas 100 reses en la regi\u00f3n de Azuero, a causa de la sequ\u00eda. <\/p>\n<p>El a\u00f1o pasado murieron unas 2 mil reses en esa zona del pa\u00eds. Manifest\u00f3 que esta disminuci\u00f3n en las cifras obedece a una mayor preparaci\u00f3n ante el periodo de sequ\u00eda. <\/p>\n<p>\u00a0 <\/p>\n","protected":false},"excerpt":{"rendered":"<p>Cerca de unas 10 mil hect\u00e1reas han sido quemadas este <a href=\"https:\/\/sertv.gob.pa\/crisolfm\/en-darien-10-mil-hectareas-afectadas-por-quemas\/\"> [&#8230;]<\/a><\/p>\n","protected":false},"author":1,"featured_media":5069,"comment_status":"closed","ping_status":"closed","sticky":false,"template":"","format":"standard","meta":{"footnotes":""},"categories":[7],"tags":[],"class_list":["post-5068","post","type-post","status-publish","format-standard","has-post-thumbnail","hentry","category-ecologicas"],"_links":{"self":[{"href":"https:\/\/sertv.gob.pa\/crisolfm\/wp-json\/wp\/v2\/posts\/5068","targetHints":{"allow":["GET"]}}],"collection":[{"href":"https:\/\/sertv.gob.pa\/crisolfm\/wp-json\/wp\/v2\/posts"}],"about":[{"href":"https:\/\/sertv.gob.pa\/crisolfm\/wp-json\/wp\/v2\/types\/post"}],"author":[{"embeddable":true,"href":"https:\/\/sertv.gob.pa\/crisolfm\/wp-json\/wp\/v2\/users\/1"}],"replies":[{"embeddable":true,"href":"https:\/\/sertv.gob.pa\/crisolfm\/wp-json\/wp\/v2\/comments?post=5068"}],"version-history":[{"count":0,"href":"https:\/\/sertv.gob.pa\/crisolfm\/wp-json\/wp\/v2\/posts\/5068\/revisions"}],"wp:featuredmedia":[{"embeddable":true,"href":"https:\/\/sertv.gob.pa\/crisolfm\/wp-json\/wp\/v2\/media\/5069"}],"wp:attachment":[{"href":"https:\/\/sertv.gob.pa\/crisolfm\/wp-json\/wp\/v2\/media?parent=5068"}],"wp:term":[{"taxonomy":"category","embeddable":true,"href":"https:\/\/sertv.gob.pa\/crisolfm\/wp-json\/wp\/v2\/categories?post=5068"},{"taxonomy":"post_tag","embeddable":true,"href":"https:\/\/sertv.gob.pa\/crisolfm\/wp-json\/wp\/v2\/tags?post=5068"}],"curies":[{"name":"wp","href":"https:\/\/api.w.org\/{rel}","templated":true}]}}