{"id":5070,"date":"2016-04-26T15:11:10","date_gmt":"2016-04-26T15:11:10","guid":{"rendered":""},"modified":"2016-04-26T15:11:10","modified_gmt":"2016-04-26T15:11:10","slug":"entre-11-de-mayo-y-5-de-junio-iniciara-temporada-lluviosa","status":"publish","type":"post","link":"https:\/\/sertv.gob.pa\/crisolfm\/entre-11-de-mayo-y-5-de-junio-iniciara-temporada-lluviosa\/","title":{"rendered":"Entre 11 de mayo y 5 de junio iniciar\u00e1 temporada lluviosa"},"content":{"rendered":"<p>\nEntre el 11 de mayo y el 5 de junio &ldquo;se espera que entre formalmente la temporada lluviosa&rdquo;, confirm\u00f3 Josu\u00e9 Batista, de la Direcci\u00f3n de Hidrometeorolog\u00eda de Etesa. <\/p>\n<p>&ldquo;Va a entrar primeramente en las provincias de Panam\u00e1 y Dari\u00e9n, luego Chiriqu\u00ed y Veraguas, \u00a0y m\u00e1s \u00a0o menos como el 26 de mayo estamos esperando que entre al arco seco&rdquo;, detall\u00f3 Batista. <\/p>\n<p>Por su parte, Jes\u00fas Salazar, de Vigilancia y Pron\u00f3stico de Etesa, explic\u00f3 que las recientes lluvias que se han registrado en distintos sectores del pa\u00eds son producto del aumentado de la humedad, y el debilitamiento de los vientos alisios.\u00a0 <\/p>\n<p>Los expertos igualmente aclararon que no se puede declarar la formalidad del fen\u00f3meno de La Ni\u00f1a hasta el mes de septiembre, y que se espera que este a\u00f1o las lluvias no sean deficitarias, como sucedi\u00f3 \u00a0entre los a\u00f1os 2013 y 2015. <\/p>\n<p>\u00a0 <\/p>\n","protected":false},"excerpt":{"rendered":"<p>Entre el 11 de mayo y el 5 de junio <a href=\"https:\/\/sertv.gob.pa\/crisolfm\/entre-11-de-mayo-y-5-de-junio-iniciara-temporada-lluviosa\/\"> [&#8230;]<\/a><\/p>\n","protected":false},"author":1,"featured_media":5071,"comment_status":"closed","ping_status":"closed","sticky":false,"template":"","format":"standard","meta":{"footnotes":""},"categories":[7],"tags":[],"class_list":["post-5070","post","type-post","status-publish","format-standard","has-post-thumbnail","hentry","category-ecologicas"],"_links":{"self":[{"href":"https:\/\/sertv.gob.pa\/crisolfm\/wp-json\/wp\/v2\/posts\/5070","targetHints":{"allow":["GET"]}}],"collection":[{"href":"https:\/\/sertv.gob.pa\/crisolfm\/wp-json\/wp\/v2\/posts"}],"about":[{"href":"https:\/\/sertv.gob.pa\/crisolfm\/wp-json\/wp\/v2\/types\/post"}],"author":[{"embeddable":true,"href":"https:\/\/sertv.gob.pa\/crisolfm\/wp-json\/wp\/v2\/users\/1"}],"replies":[{"embeddable":true,"href":"https:\/\/sertv.gob.pa\/crisolfm\/wp-json\/wp\/v2\/comments?post=5070"}],"version-history":[{"count":0,"href":"https:\/\/sertv.gob.pa\/crisolfm\/wp-json\/wp\/v2\/posts\/5070\/revisions"}],"wp:featuredmedia":[{"embeddable":true,"href":"https:\/\/sertv.gob.pa\/crisolfm\/wp-json\/wp\/v2\/media\/5071"}],"wp:attachment":[{"href":"https:\/\/sertv.gob.pa\/crisolfm\/wp-json\/wp\/v2\/media?parent=5070"}],"wp:term":[{"taxonomy":"category","embeddable":true,"href":"https:\/\/sertv.gob.pa\/crisolfm\/wp-json\/wp\/v2\/categories?post=5070"},{"taxonomy":"post_tag","embeddable":true,"href":"https:\/\/sertv.gob.pa\/crisolfm\/wp-json\/wp\/v2\/tags?post=5070"}],"curies":[{"name":"wp","href":"https:\/\/api.w.org\/{rel}","templated":true}]}}