{"id":5072,"date":"2016-04-26T15:23:22","date_gmt":"2016-04-26T15:23:22","guid":{"rendered":""},"modified":"2016-04-26T15:23:22","modified_gmt":"2016-04-26T15:23:22","slug":"severo-tiempo-en-el-centro-y-sur-de-e-e-u-u-es-pronosticado","status":"publish","type":"post","link":"https:\/\/sertv.gob.pa\/crisolfm\/severo-tiempo-en-el-centro-y-sur-de-e-e-u-u-es-pronosticado\/","title":{"rendered":"Severo tiempo en el centro y sur de E.E.U.U. es pronosticado"},"content":{"rendered":"<p>\nLos meteor\u00f3logos manifestaron que es posible que hoy martes se presente un severo frente de tormentas con tornados poderosos y ca\u00edda de granizo de gran tama\u00f1o en algunos estados de las planicies centrales y del sur de Estados Unidos. <\/p>\n<p>El Centro de Pron\u00f3stico de Tormentas en Norman, Oklahoma, precis\u00f3 que las condiciones m\u00e1s peligrosas se prev\u00e9n para un \u00e1rea de 178 mil 710 kil\u00f3metros cuadrados (69 millas cuadradas) que va del norte de Oklahoma al sur de Nebraska, incluida la zona metropolitana de Oklahoma City. <\/p>\n<p>En total,  25 millones de personas  corren un peligro ligero o mayor de experimentar este martes un clima severo en una regi\u00f3n que va de San Antonio a Omaha, Nebraska. <\/p>\n<p>En el este, otro sistema de tormentas podr\u00eda desatar rel\u00e1mpagos, fuertes vientos y granizo en Filadelfia, Baltimore y Washington DC, aunque previsiblemente no tendr\u00e1 efectos de mayor magnitud. <\/p>\n<p>\u00a0 <\/p>\n<p>\u00a0 <\/p>\n","protected":false},"excerpt":{"rendered":"<p>Los meteor\u00f3logos manifestaron que es posible que hoy martes se <a href=\"https:\/\/sertv.gob.pa\/crisolfm\/severo-tiempo-en-el-centro-y-sur-de-e-e-u-u-es-pronosticado\/\"> [&#8230;]<\/a><\/p>\n","protected":false},"author":1,"featured_media":5073,"comment_status":"closed","ping_status":"closed","sticky":false,"template":"","format":"standard","meta":{"footnotes":""},"categories":[7],"tags":[],"class_list":["post-5072","post","type-post","status-publish","format-standard","has-post-thumbnail","hentry","category-ecologicas"],"_links":{"self":[{"href":"https:\/\/sertv.gob.pa\/crisolfm\/wp-json\/wp\/v2\/posts\/5072","targetHints":{"allow":["GET"]}}],"collection":[{"href":"https:\/\/sertv.gob.pa\/crisolfm\/wp-json\/wp\/v2\/posts"}],"about":[{"href":"https:\/\/sertv.gob.pa\/crisolfm\/wp-json\/wp\/v2\/types\/post"}],"author":[{"embeddable":true,"href":"https:\/\/sertv.gob.pa\/crisolfm\/wp-json\/wp\/v2\/users\/1"}],"replies":[{"embeddable":true,"href":"https:\/\/sertv.gob.pa\/crisolfm\/wp-json\/wp\/v2\/comments?post=5072"}],"version-history":[{"count":0,"href":"https:\/\/sertv.gob.pa\/crisolfm\/wp-json\/wp\/v2\/posts\/5072\/revisions"}],"wp:featuredmedia":[{"embeddable":true,"href":"https:\/\/sertv.gob.pa\/crisolfm\/wp-json\/wp\/v2\/media\/5073"}],"wp:attachment":[{"href":"https:\/\/sertv.gob.pa\/crisolfm\/wp-json\/wp\/v2\/media?parent=5072"}],"wp:term":[{"taxonomy":"category","embeddable":true,"href":"https:\/\/sertv.gob.pa\/crisolfm\/wp-json\/wp\/v2\/categories?post=5072"},{"taxonomy":"post_tag","embeddable":true,"href":"https:\/\/sertv.gob.pa\/crisolfm\/wp-json\/wp\/v2\/tags?post=5072"}],"curies":[{"name":"wp","href":"https:\/\/api.w.org\/{rel}","templated":true}]}}