{"id":5092,"date":"2016-04-27T15:53:59","date_gmt":"2016-04-27T15:53:59","guid":{"rendered":""},"modified":"2016-04-27T15:53:59","modified_gmt":"2016-04-27T15:53:59","slug":"escritor-panameno-jose-franco-es-distinguido","status":"publish","type":"post","link":"https:\/\/sertv.gob.pa\/crisolfm\/escritor-panameno-jose-franco-es-distinguido\/","title":{"rendered":"Escritor paname\u00f1o, Jos\u00e9 Franco, es distinguido"},"content":{"rendered":"<p>\nEscritor, periodista y diplom\u00e1tico. Ciertamente, la trayectoria profesional y art\u00edstica del paname\u00f1o Jos\u00e9 Franco ha calado profundamente en el campo de las letras paname\u00f1as. <\/p>\n<p>Su pluma, idealista y encendida, escribi\u00f3 un caudal de historias, d\u00e9cimas y versos inspirados en la patria, primordialmente, que este 25 de abril\u00a0le merecieron reconocimientos plausibles, en ocasi\u00f3n del D\u00eda del Escritor Paname\u00f1o. <\/p>\n<p>En acto solemne, realizado a las 10:00 a.m., la Academia Paname\u00f1a de la Lengua distingui\u00f3 al autor del c\u00e9lebre poema  Panam\u00e1 defendida,  en la sede de esta instituci\u00f3n. <\/p>\n<p>La ceremonia, presidida por la directora de la academia, Margarita V\u00e1squez Quir\u00f3s, y el escritor y abogado Juan David Morgan, cont\u00f3 con la presencia de miembros acad\u00e9micos, familiares y estudiantes escolares y universitarios. <\/p>\n<p>&ldquo;Es un honor para la academia recibirlo dentro de su seno&rdquo;, enunci\u00f3 V\u00e1squez Quir\u00f3s durante el evento en donde se le hizo entrega de un pergamino. <\/p>\n<p>Durante la ceremonia, tanto V\u00e1squez Quir\u00f3s como Morgan reconocieron el valor de algunas de las obras m\u00e1s conocidas de Franco, como  Sollozos an\u00f3nimos, Operaci\u00f3n Plutonio 239  y  Las luci\u00e9rnagas de la muerte,  por ejemplo, &ldquo;en donde Franco habla de la patria, pero no desde un punto vista de pol\u00edtico o guerrero, sino desde el pa\u00eds que se reconoce desde el frescor del campo, en el hombre que recorre los caminos solitarios o en el correr del r\u00edo al caer la tarde&rdquo;, agreg\u00f3 la acad\u00e9mica. <\/p>\n<p>Por otro lado, Jos\u00e9 Franco, ganador en varias ocasiones del premio nacional de literatura Ricardo Mir\u00f3, fue condecorado el 25 de abril\u00a0en la noche por el Consejo de Escritores, el Ministerio de Educaci\u00f3n y el Instituto Nacional de Cultura, con la medalla Rogelio Sin\u00e1n, en reconocimiento a la excelencia literaria. La ceremonia se llev\u00f3 a cabo en el auditorio del Tribunal Electoral. <\/p>\n<p>\u00a0 <\/p>\n<p>\u00a0 <\/p>\n","protected":false},"excerpt":{"rendered":"<p>Escritor, periodista y diplom\u00e1tico. Ciertamente, la trayectoria profesional y art\u00edstica <a href=\"https:\/\/sertv.gob.pa\/crisolfm\/escritor-panameno-jose-franco-es-distinguido\/\"> [&#8230;]<\/a><\/p>\n","protected":false},"author":1,"featured_media":5093,"comment_status":"closed","ping_status":"closed","sticky":false,"template":"","format":"standard","meta":{"footnotes":""},"categories":[6],"tags":[],"class_list":["post-5092","post","type-post","status-publish","format-standard","has-post-thumbnail","hentry","category-culturales"],"_links":{"self":[{"href":"https:\/\/sertv.gob.pa\/crisolfm\/wp-json\/wp\/v2\/posts\/5092","targetHints":{"allow":["GET"]}}],"collection":[{"href":"https:\/\/sertv.gob.pa\/crisolfm\/wp-json\/wp\/v2\/posts"}],"about":[{"href":"https:\/\/sertv.gob.pa\/crisolfm\/wp-json\/wp\/v2\/types\/post"}],"author":[{"embeddable":true,"href":"https:\/\/sertv.gob.pa\/crisolfm\/wp-json\/wp\/v2\/users\/1"}],"replies":[{"embeddable":true,"href":"https:\/\/sertv.gob.pa\/crisolfm\/wp-json\/wp\/v2\/comments?post=5092"}],"version-history":[{"count":0,"href":"https:\/\/sertv.gob.pa\/crisolfm\/wp-json\/wp\/v2\/posts\/5092\/revisions"}],"wp:featuredmedia":[{"embeddable":true,"href":"https:\/\/sertv.gob.pa\/crisolfm\/wp-json\/wp\/v2\/media\/5093"}],"wp:attachment":[{"href":"https:\/\/sertv.gob.pa\/crisolfm\/wp-json\/wp\/v2\/media?parent=5092"}],"wp:term":[{"taxonomy":"category","embeddable":true,"href":"https:\/\/sertv.gob.pa\/crisolfm\/wp-json\/wp\/v2\/categories?post=5092"},{"taxonomy":"post_tag","embeddable":true,"href":"https:\/\/sertv.gob.pa\/crisolfm\/wp-json\/wp\/v2\/tags?post=5092"}],"curies":[{"name":"wp","href":"https:\/\/api.w.org\/{rel}","templated":true}]}}