{"id":5100,"date":"2016-04-28T18:23:04","date_gmt":"2016-04-28T18:23:04","guid":{"rendered":""},"modified":"2016-04-28T18:23:04","modified_gmt":"2016-04-28T18:23:04","slug":"zoologico-presenta-a-su-nuevo-cachorro-de-leon","status":"publish","type":"post","link":"https:\/\/sertv.gob.pa\/crisolfm\/zoologico-presenta-a-su-nuevo-cachorro-de-leon\/","title":{"rendered":"Zool\u00f3gico presenta a su nuevo cachorro de le\u00f3n"},"content":{"rendered":"<p>\nEl\u00a0zool\u00f3gico de Buffalo\u00a0present\u00f3 en p\u00fablico a su nuevo cachorro de le\u00f3n africano, el primero en nacer ah\u00ed en 25 a\u00f1os. Se trata de un\u00a0macho de casi 8 semanas de nacido. <\/p>\n<p>Fue uno de los cuatro cachorros en nacer el 5 de marzo de los leones Lelie y Tiberius, pero el \u00fanico que sobrevivi\u00f3 los primeros dos d\u00edas despu\u00e9s de haber nacido, afirm\u00f3 la directora del zool\u00f3gico Donna Fernandes. Es com\u00fan que mueran camadas completas nacidas de madres primerizas, agreg\u00f3. <\/p>\n<p>El cachorro, que a\u00fan no recibe nombre, no ser\u00e1 visto entre los leones exhibidos en el zool\u00f3gico durante un periodo prolongado, pero el zool\u00f3gico planea publicar fotos y videos en sus redes sociales. <\/p>\n<p>El\u00a0 Servicio Federal de Pesca y Vida Silvestre de Estados Unidos (FWS por sus siglas en ingl\u00e9s) \u00a0clasific\u00f3 al\u00a0le\u00f3n africano\u00a0como una e specie en peligro de extinci\u00f3n a causa de la p\u00e9rdida de su h\u00e1bitat \u00a0y la cacer\u00eda furtiva. <\/p>\n","protected":false},"excerpt":{"rendered":"<p>El\u00a0zool\u00f3gico de Buffalo\u00a0present\u00f3 en p\u00fablico a su nuevo cachorro de <a href=\"https:\/\/sertv.gob.pa\/crisolfm\/zoologico-presenta-a-su-nuevo-cachorro-de-leon\/\"> [&#8230;]<\/a><\/p>\n","protected":false},"author":1,"featured_media":5101,"comment_status":"closed","ping_status":"closed","sticky":false,"template":"","format":"standard","meta":{"footnotes":""},"categories":[7],"tags":[],"class_list":["post-5100","post","type-post","status-publish","format-standard","has-post-thumbnail","hentry","category-ecologicas"],"_links":{"self":[{"href":"https:\/\/sertv.gob.pa\/crisolfm\/wp-json\/wp\/v2\/posts\/5100","targetHints":{"allow":["GET"]}}],"collection":[{"href":"https:\/\/sertv.gob.pa\/crisolfm\/wp-json\/wp\/v2\/posts"}],"about":[{"href":"https:\/\/sertv.gob.pa\/crisolfm\/wp-json\/wp\/v2\/types\/post"}],"author":[{"embeddable":true,"href":"https:\/\/sertv.gob.pa\/crisolfm\/wp-json\/wp\/v2\/users\/1"}],"replies":[{"embeddable":true,"href":"https:\/\/sertv.gob.pa\/crisolfm\/wp-json\/wp\/v2\/comments?post=5100"}],"version-history":[{"count":0,"href":"https:\/\/sertv.gob.pa\/crisolfm\/wp-json\/wp\/v2\/posts\/5100\/revisions"}],"wp:featuredmedia":[{"embeddable":true,"href":"https:\/\/sertv.gob.pa\/crisolfm\/wp-json\/wp\/v2\/media\/5101"}],"wp:attachment":[{"href":"https:\/\/sertv.gob.pa\/crisolfm\/wp-json\/wp\/v2\/media?parent=5100"}],"wp:term":[{"taxonomy":"category","embeddable":true,"href":"https:\/\/sertv.gob.pa\/crisolfm\/wp-json\/wp\/v2\/categories?post=5100"},{"taxonomy":"post_tag","embeddable":true,"href":"https:\/\/sertv.gob.pa\/crisolfm\/wp-json\/wp\/v2\/tags?post=5100"}],"curies":[{"name":"wp","href":"https:\/\/api.w.org\/{rel}","templated":true}]}}