{"id":5108,"date":"2016-05-03T15:05:48","date_gmt":"2016-05-03T15:05:48","guid":{"rendered":""},"modified":"2016-05-03T15:05:48","modified_gmt":"2016-05-03T15:05:48","slug":"tras-tala-y-quema-se-inspeccionara-el-rio-la-villa","status":"publish","type":"post","link":"https:\/\/sertv.gob.pa\/crisolfm\/tras-tala-y-quema-se-inspeccionara-el-rio-la-villa\/","title":{"rendered":"Tras tala y quema se inspeccionar\u00e1 el R\u00edo La Villa"},"content":{"rendered":"<p>\nFuncionarios del Ministerio de Ambiente efectuar\u00e1n una inspecci\u00f3n el pr\u00f3ximo mi\u00e9rcoles a la comunidad de Macaraquita, donde se dio una tala y quema de bosque a orillas de uno de los afluentes principales de la cuenca del r\u00edo La Villa en las tierras altas de la provincia de Herrera. <\/p>\n<p>La informaci\u00f3n la confirm\u00f3 Emilio Atencio, corregidor del corregimiento de La Pitaloza, distrito de Los Pozos, quien indi\u00f3 que han programado una gira a la comunidad de Macaraquita conjuntamente con funcionarios de Ministerio de Ambiente. <\/p>\n<p>Se trata de un \u00abdesmonte y quema\u00bb alrededor del nacimiento de la quebrada de Piedra, uno de los principales afluentes de la cuenca del r\u00edo La Villa y cerca del cerro Cacara\u00f1ao, considerado entre\u00a0los lugares m\u00e1s altos de la pen\u00ednsula de Azuero. <\/p>\n<p>\u00a0 <\/p>\n<p>\u00a0 <\/p>\n","protected":false},"excerpt":{"rendered":"<p>Funcionarios del Ministerio de Ambiente efectuar\u00e1n una inspecci\u00f3n el pr\u00f3ximo <a href=\"https:\/\/sertv.gob.pa\/crisolfm\/tras-tala-y-quema-se-inspeccionara-el-rio-la-villa\/\"> [&#8230;]<\/a><\/p>\n","protected":false},"author":1,"featured_media":5109,"comment_status":"closed","ping_status":"closed","sticky":false,"template":"","format":"standard","meta":{"footnotes":""},"categories":[7],"tags":[],"class_list":["post-5108","post","type-post","status-publish","format-standard","has-post-thumbnail","hentry","category-ecologicas"],"_links":{"self":[{"href":"https:\/\/sertv.gob.pa\/crisolfm\/wp-json\/wp\/v2\/posts\/5108","targetHints":{"allow":["GET"]}}],"collection":[{"href":"https:\/\/sertv.gob.pa\/crisolfm\/wp-json\/wp\/v2\/posts"}],"about":[{"href":"https:\/\/sertv.gob.pa\/crisolfm\/wp-json\/wp\/v2\/types\/post"}],"author":[{"embeddable":true,"href":"https:\/\/sertv.gob.pa\/crisolfm\/wp-json\/wp\/v2\/users\/1"}],"replies":[{"embeddable":true,"href":"https:\/\/sertv.gob.pa\/crisolfm\/wp-json\/wp\/v2\/comments?post=5108"}],"version-history":[{"count":0,"href":"https:\/\/sertv.gob.pa\/crisolfm\/wp-json\/wp\/v2\/posts\/5108\/revisions"}],"wp:featuredmedia":[{"embeddable":true,"href":"https:\/\/sertv.gob.pa\/crisolfm\/wp-json\/wp\/v2\/media\/5109"}],"wp:attachment":[{"href":"https:\/\/sertv.gob.pa\/crisolfm\/wp-json\/wp\/v2\/media?parent=5108"}],"wp:term":[{"taxonomy":"category","embeddable":true,"href":"https:\/\/sertv.gob.pa\/crisolfm\/wp-json\/wp\/v2\/categories?post=5108"},{"taxonomy":"post_tag","embeddable":true,"href":"https:\/\/sertv.gob.pa\/crisolfm\/wp-json\/wp\/v2\/tags?post=5108"}],"curies":[{"name":"wp","href":"https:\/\/api.w.org\/{rel}","templated":true}]}}