{"id":5110,"date":"2016-05-03T15:47:26","date_gmt":"2016-05-03T15:47:26","guid":{"rendered":""},"modified":"2016-05-03T15:47:26","modified_gmt":"2016-05-03T15:47:26","slug":"en-la-ciudad-de-mexico-nueva-alerta-por-contaminacion","status":"publish","type":"post","link":"https:\/\/sertv.gob.pa\/crisolfm\/en-la-ciudad-de-mexico-nueva-alerta-por-contaminacion\/","title":{"rendered":"En la ciudad de M\u00e9xico nueva alerta por contaminaci\u00f3n"},"content":{"rendered":"<p>\nLas autoridades de la Ciudad de M\u00e9xico declararon el lunes una nueva alerta por contaminaci\u00f3n y ordenaron que el  40%  de los veh\u00edculos no circule este \u00a0martes. <\/p>\n<p>Bajo una norma q ue estar\u00e1 en vigor hasta junio , una quinta parte de los autom\u00f3viles de la ciudad no puede circular un d\u00eda a la semana, el cual se determina con base en el n\u00famero final de la placa. <\/p>\n<p>Pero el lunes el  smog  se elev\u00f3 1.5 veces por encima de los l\u00edmites aceptables, por lo que otra quinta parte de los coches no podr\u00e1n circular. <\/p>\n<p>Es la segunda ocasi\u00f3n en menos de un mes que se ha alcanzado el nivel de alerta, a pesar del programa temporal con el que se busca mejorar el aire de la ciudad. <\/p>\n<p>Antes de que la norma fuera implementada el mes pasado, los autom\u00f3viles nuevos, considerados m\u00e1s limpios, estaban exentos de la prohibici\u00f3n de no circular un d\u00eda. <\/p>\n<p>\u00a0 <\/p>\n<p>\u00a0 <\/p>\n","protected":false},"excerpt":{"rendered":"<p>Las autoridades de la Ciudad de M\u00e9xico declararon el lunes <a href=\"https:\/\/sertv.gob.pa\/crisolfm\/en-la-ciudad-de-mexico-nueva-alerta-por-contaminacion\/\"> [&#8230;]<\/a><\/p>\n","protected":false},"author":1,"featured_media":5111,"comment_status":"closed","ping_status":"closed","sticky":false,"template":"","format":"standard","meta":{"footnotes":""},"categories":[7],"tags":[],"class_list":["post-5110","post","type-post","status-publish","format-standard","has-post-thumbnail","hentry","category-ecologicas"],"_links":{"self":[{"href":"https:\/\/sertv.gob.pa\/crisolfm\/wp-json\/wp\/v2\/posts\/5110","targetHints":{"allow":["GET"]}}],"collection":[{"href":"https:\/\/sertv.gob.pa\/crisolfm\/wp-json\/wp\/v2\/posts"}],"about":[{"href":"https:\/\/sertv.gob.pa\/crisolfm\/wp-json\/wp\/v2\/types\/post"}],"author":[{"embeddable":true,"href":"https:\/\/sertv.gob.pa\/crisolfm\/wp-json\/wp\/v2\/users\/1"}],"replies":[{"embeddable":true,"href":"https:\/\/sertv.gob.pa\/crisolfm\/wp-json\/wp\/v2\/comments?post=5110"}],"version-history":[{"count":0,"href":"https:\/\/sertv.gob.pa\/crisolfm\/wp-json\/wp\/v2\/posts\/5110\/revisions"}],"wp:featuredmedia":[{"embeddable":true,"href":"https:\/\/sertv.gob.pa\/crisolfm\/wp-json\/wp\/v2\/media\/5111"}],"wp:attachment":[{"href":"https:\/\/sertv.gob.pa\/crisolfm\/wp-json\/wp\/v2\/media?parent=5110"}],"wp:term":[{"taxonomy":"category","embeddable":true,"href":"https:\/\/sertv.gob.pa\/crisolfm\/wp-json\/wp\/v2\/categories?post=5110"},{"taxonomy":"post_tag","embeddable":true,"href":"https:\/\/sertv.gob.pa\/crisolfm\/wp-json\/wp\/v2\/tags?post=5110"}],"curies":[{"name":"wp","href":"https:\/\/api.w.org\/{rel}","templated":true}]}}