{"id":5132,"date":"2016-05-05T15:20:38","date_gmt":"2016-05-05T15:20:38","guid":{"rendered":""},"modified":"2016-05-05T15:20:38","modified_gmt":"2016-05-05T15:20:38","slug":"dos-sismos-se-registran-en-la-provincia-de-chiriqui","status":"publish","type":"post","link":"https:\/\/sertv.gob.pa\/crisolfm\/dos-sismos-se-registran-en-la-provincia-de-chiriqui\/","title":{"rendered":"Dos sismos se registran en la provincia de Chiriqu\u00ed"},"content":{"rendered":"<p>\nDos sismos de 4.9 y 4.2 en la escala abierta de Richter se registraron \u00a0en la madrugada de ayer mi\u00e9rcoles,\u00a0 al Este sureste de Puerto Armuelles en el distrito de Bar\u00fa, provincia de Chiriqu\u00ed.<br \/>\n\u00a0<br \/>\nLa magnitud del primer movimiento tel\u00farico se dio a las 2:04 de la madrugada de ayer mi\u00e9rcoles a 7.7 kil\u00f3metros de profundidad a 8 km al este sureste de Puerto Armuelles; mientras que un segundo sismo se dio dos horas m\u00e1s tarde a las 4:06 de la madrugada con una profundidad de 8.8 km a unos 13 km al\u00a0 Este noroeste de Puerto Armuelles.<br \/>\n\u00a0<br \/>\nEl movimiento s\u00edsmico tuvo su origen al noroeste de Corredores, Punta Arenas en el hermano pa\u00eds de Costa Rica; sin embargo, se sinti\u00f3 con gran fuerza en los distritos de Bar\u00fa, Bugaba y David despertando a la poblaci\u00f3n chiricana.<br \/>\n\u00a0<br \/>\nVarias r\u00e9plicas de menor intensidad se registraron luego de ambos sismos<br \/>\n\u00a0 <\/p>\n","protected":false},"excerpt":{"rendered":"<p>Dos sismos de 4.9 y 4.2 en la escala abierta <a href=\"https:\/\/sertv.gob.pa\/crisolfm\/dos-sismos-se-registran-en-la-provincia-de-chiriqui\/\"> [&#8230;]<\/a><\/p>\n","protected":false},"author":1,"featured_media":5133,"comment_status":"closed","ping_status":"closed","sticky":false,"template":"","format":"standard","meta":{"footnotes":""},"categories":[7],"tags":[],"class_list":["post-5132","post","type-post","status-publish","format-standard","has-post-thumbnail","hentry","category-ecologicas"],"_links":{"self":[{"href":"https:\/\/sertv.gob.pa\/crisolfm\/wp-json\/wp\/v2\/posts\/5132","targetHints":{"allow":["GET"]}}],"collection":[{"href":"https:\/\/sertv.gob.pa\/crisolfm\/wp-json\/wp\/v2\/posts"}],"about":[{"href":"https:\/\/sertv.gob.pa\/crisolfm\/wp-json\/wp\/v2\/types\/post"}],"author":[{"embeddable":true,"href":"https:\/\/sertv.gob.pa\/crisolfm\/wp-json\/wp\/v2\/users\/1"}],"replies":[{"embeddable":true,"href":"https:\/\/sertv.gob.pa\/crisolfm\/wp-json\/wp\/v2\/comments?post=5132"}],"version-history":[{"count":0,"href":"https:\/\/sertv.gob.pa\/crisolfm\/wp-json\/wp\/v2\/posts\/5132\/revisions"}],"wp:featuredmedia":[{"embeddable":true,"href":"https:\/\/sertv.gob.pa\/crisolfm\/wp-json\/wp\/v2\/media\/5133"}],"wp:attachment":[{"href":"https:\/\/sertv.gob.pa\/crisolfm\/wp-json\/wp\/v2\/media?parent=5132"}],"wp:term":[{"taxonomy":"category","embeddable":true,"href":"https:\/\/sertv.gob.pa\/crisolfm\/wp-json\/wp\/v2\/categories?post=5132"},{"taxonomy":"post_tag","embeddable":true,"href":"https:\/\/sertv.gob.pa\/crisolfm\/wp-json\/wp\/v2\/tags?post=5132"}],"curies":[{"name":"wp","href":"https:\/\/api.w.org\/{rel}","templated":true}]}}