{"id":5140,"date":"2016-05-05T16:22:57","date_gmt":"2016-05-05T16:22:57","guid":{"rendered":""},"modified":"2016-05-05T16:22:57","modified_gmt":"2016-05-05T16:22:57","slug":"contribuciones-de-la-etnia-negra-en-panama-son-reconocidos","status":"publish","type":"post","link":"https:\/\/sertv.gob.pa\/crisolfm\/contribuciones-de-la-etnia-negra-en-panama-son-reconocidos\/","title":{"rendered":"Contribuciones de la etnia negra en Panam\u00e1 son reconocidos"},"content":{"rendered":"<p>\nPanam\u00e1 es un pa\u00eds de crisol de raza, donde hay una diversidad de cultura desde los originarios (ind\u00edgenas) hasta los afrodescendiente, quienes representan el 9.2% de la poblaci\u00f3n de 4 millones de habitantes. <\/p>\n<p>Ante esto la Alcald\u00eda de Panam\u00e1, se halla desarrollando el programa cultural &ldquo;\u00c1frica en Am\u00e9rica&rdquo;, para reconocer los aportes que ha dado la etnia negra al istmo y al continente. <\/p>\n<p>La vicealcaldesa, Raisa Banfield, detall\u00f3 que del 11 al 27 de mayo se efectuar\u00e1n conferencias, exposiciones fotogr\u00e1ficas, conciertos, talleres de danzas, festivales gastron\u00f3micos y muestras de artes. <\/p>\n<p>&ldquo;Este es un primer ejercicio de otras iniciativas y reconocer los aportes que ha dado \u00c1frica al resto del mundo&rdquo;, se\u00f1al\u00f3 Banfield. <\/p>\n<p>En Panam\u00e1, Ley 9 de 2000 declara el 30 de mayo de cada a\u00f1o como d\u00eda c\u00edvico y de conmemoraci\u00f3n del \u00abD\u00eda de la Etnia Negra Nacional\u00bb. <\/p>\n<p>\u00a0 <\/p>\n","protected":false},"excerpt":{"rendered":"<p>Panam\u00e1 es un pa\u00eds de crisol de raza, donde hay <a href=\"https:\/\/sertv.gob.pa\/crisolfm\/contribuciones-de-la-etnia-negra-en-panama-son-reconocidos\/\"> [&#8230;]<\/a><\/p>\n","protected":false},"author":1,"featured_media":5141,"comment_status":"closed","ping_status":"closed","sticky":false,"template":"","format":"standard","meta":{"footnotes":""},"categories":[6],"tags":[],"class_list":["post-5140","post","type-post","status-publish","format-standard","has-post-thumbnail","hentry","category-culturales"],"_links":{"self":[{"href":"https:\/\/sertv.gob.pa\/crisolfm\/wp-json\/wp\/v2\/posts\/5140","targetHints":{"allow":["GET"]}}],"collection":[{"href":"https:\/\/sertv.gob.pa\/crisolfm\/wp-json\/wp\/v2\/posts"}],"about":[{"href":"https:\/\/sertv.gob.pa\/crisolfm\/wp-json\/wp\/v2\/types\/post"}],"author":[{"embeddable":true,"href":"https:\/\/sertv.gob.pa\/crisolfm\/wp-json\/wp\/v2\/users\/1"}],"replies":[{"embeddable":true,"href":"https:\/\/sertv.gob.pa\/crisolfm\/wp-json\/wp\/v2\/comments?post=5140"}],"version-history":[{"count":0,"href":"https:\/\/sertv.gob.pa\/crisolfm\/wp-json\/wp\/v2\/posts\/5140\/revisions"}],"wp:featuredmedia":[{"embeddable":true,"href":"https:\/\/sertv.gob.pa\/crisolfm\/wp-json\/wp\/v2\/media\/5141"}],"wp:attachment":[{"href":"https:\/\/sertv.gob.pa\/crisolfm\/wp-json\/wp\/v2\/media?parent=5140"}],"wp:term":[{"taxonomy":"category","embeddable":true,"href":"https:\/\/sertv.gob.pa\/crisolfm\/wp-json\/wp\/v2\/categories?post=5140"},{"taxonomy":"post_tag","embeddable":true,"href":"https:\/\/sertv.gob.pa\/crisolfm\/wp-json\/wp\/v2\/tags?post=5140"}],"curies":[{"name":"wp","href":"https:\/\/api.w.org\/{rel}","templated":true}]}}