{"id":5170,"date":"2016-05-09T16:21:38","date_gmt":"2016-05-09T16:21:38","guid":{"rendered":""},"modified":"2016-05-09T16:21:38","modified_gmt":"2016-05-09T16:21:38","slug":"elefantes-actuan-por-ultima-vez-en-el-circo-ringling-bros","status":"publish","type":"post","link":"https:\/\/sertv.gob.pa\/crisolfm\/elefantes-actuan-por-ultima-vez-en-el-circo-ringling-bros\/","title":{"rendered":"Elefantes act\u00faan por \u00faltima vez en el circo Ringling Bros."},"content":{"rendered":"<p>\n El circo Ringling Bros. and Barnum &#038; Bailey  despidi\u00f3 a sus elefantes de los escenarios, con el \u00faltimo de sus espect\u00e1culos de este tipo que durante dos siglos han divertido al p\u00fablico estadounidense pero que han suscitado cr\u00edticas de defensores de los derechos de los animales. <\/p>\n<p>\u00a0&ldquo;Esta noche es muy especial. Esta noche todos somos testigos de la historia, porque las leyendas vivientes m\u00e1s grandes de la naci\u00f3n salen al escenario para su \u00faltima reverencia&rdquo;, anunci\u00f3 el presentador Johnathan Lee Iverson a la multitud. <\/p>\n<p>La gente grit\u00f3 animada cuando los seis elefantes asi\u00e1ticos aparecieron para ejecutar su acto en el que bailaron, mantuvieron el equilibrio en la espalda de otros de ellos, se sentaron sobre sus patas traseras y se hicieron los dormidos. <\/p>\n<p>&ldquo;Vinimos a decir adi\u00f3s a los elefantes&rdquo;, declar\u00f3 Sheila Oliver, de East Providence, que trajo a su hija Lilliana, de cuatro a\u00f1os. <\/p>\n<p>&ldquo;Esta es la primera vez que ella viene al circo y, desafortunadamente, es la \u00faltima de ellos&rdquo;, dijo.\u00a0 <\/p>\n<p>\u00a0<\/p>\n<p>\u00a0 <\/p>\n","protected":false},"excerpt":{"rendered":"<p>El circo Ringling Bros. and Barnum &#038; Bailey despidi\u00f3 a <a href=\"https:\/\/sertv.gob.pa\/crisolfm\/elefantes-actuan-por-ultima-vez-en-el-circo-ringling-bros\/\"> [&#8230;]<\/a><\/p>\n","protected":false},"author":1,"featured_media":5171,"comment_status":"closed","ping_status":"closed","sticky":false,"template":"","format":"standard","meta":{"footnotes":""},"categories":[7],"tags":[],"class_list":["post-5170","post","type-post","status-publish","format-standard","has-post-thumbnail","hentry","category-ecologicas"],"_links":{"self":[{"href":"https:\/\/sertv.gob.pa\/crisolfm\/wp-json\/wp\/v2\/posts\/5170","targetHints":{"allow":["GET"]}}],"collection":[{"href":"https:\/\/sertv.gob.pa\/crisolfm\/wp-json\/wp\/v2\/posts"}],"about":[{"href":"https:\/\/sertv.gob.pa\/crisolfm\/wp-json\/wp\/v2\/types\/post"}],"author":[{"embeddable":true,"href":"https:\/\/sertv.gob.pa\/crisolfm\/wp-json\/wp\/v2\/users\/1"}],"replies":[{"embeddable":true,"href":"https:\/\/sertv.gob.pa\/crisolfm\/wp-json\/wp\/v2\/comments?post=5170"}],"version-history":[{"count":0,"href":"https:\/\/sertv.gob.pa\/crisolfm\/wp-json\/wp\/v2\/posts\/5170\/revisions"}],"wp:featuredmedia":[{"embeddable":true,"href":"https:\/\/sertv.gob.pa\/crisolfm\/wp-json\/wp\/v2\/media\/5171"}],"wp:attachment":[{"href":"https:\/\/sertv.gob.pa\/crisolfm\/wp-json\/wp\/v2\/media?parent=5170"}],"wp:term":[{"taxonomy":"category","embeddable":true,"href":"https:\/\/sertv.gob.pa\/crisolfm\/wp-json\/wp\/v2\/categories?post=5170"},{"taxonomy":"post_tag","embeddable":true,"href":"https:\/\/sertv.gob.pa\/crisolfm\/wp-json\/wp\/v2\/tags?post=5170"}],"curies":[{"name":"wp","href":"https:\/\/api.w.org\/{rel}","templated":true}]}}