{"id":5172,"date":"2016-05-10T15:15:56","date_gmt":"2016-05-10T15:15:56","guid":{"rendered":""},"modified":"2016-05-10T15:15:56","modified_gmt":"2016-05-10T15:15:56","slug":"incendio-forestal-de-canada-sigue-activo","status":"publish","type":"post","link":"https:\/\/sertv.gob.pa\/crisolfm\/incendio-forestal-de-canada-sigue-activo\/","title":{"rendered":"Incendio forestal de Canad\u00e1 sigue activo"},"content":{"rendered":"<p>\n\u00danicamente las condiciones meteorol\u00f3gicas podr\u00e1n detener el gigantesco incendio forestal que ha consumido 161 mil hect\u00e1reas de bosque boreal en el noroeste de Canad\u00e1 y que, seg\u00fan reconocen ahora las autoridades, seguir\u00e1 activo durante meses. <\/p>\n<p>En las \u00faltimas horas, el incendio, que se inici\u00f3 hace una semana por causas a\u00fan desconocidas, est\u00e1 avanzando m\u00e1s lentamente gracias a la fina lluvia que comenz\u00f3 a caer en la regi\u00f3n de Fort McMurray y la llegada de un frente polar que ha provocado el descenso de las temperaturas. <\/p>\n<p>La primera ministra de la provincia de Alberta, Rachel Notley, indic\u00f3 durante una rueda de prensa que la ralentizaci\u00f3n del ritmo de crecimiento del incendio ha provocado que \u00aben estos momentos sea m\u00e1s peque\u00f1o\u00bb de lo que esperaban y cifr\u00f3 en 161 mil hect\u00e1reas, en vez de 200 mil, la superficie quemada. <\/p>\n<p>Pero el incendio sigue fuera de control y creciendo hacia el noreste de la provincia. <\/p>\n<p>Los equipos que combaten el incendio volvieron a reconocer que la \u00fanica forma de controlar las llamas es con la ayuda de varios d\u00edas de fuertes lluvias, lo que no est\u00e1 previsto de momento en los partes meteorol\u00f3gicos. <\/p>\n<p>\u00a0 <\/p>\n","protected":false},"excerpt":{"rendered":"<p>\u00danicamente las condiciones meteorol\u00f3gicas podr\u00e1n detener el gigantesco incendio forestal <a href=\"https:\/\/sertv.gob.pa\/crisolfm\/incendio-forestal-de-canada-sigue-activo\/\"> [&#8230;]<\/a><\/p>\n","protected":false},"author":1,"featured_media":5173,"comment_status":"closed","ping_status":"closed","sticky":false,"template":"","format":"standard","meta":{"footnotes":""},"categories":[7],"tags":[],"class_list":["post-5172","post","type-post","status-publish","format-standard","has-post-thumbnail","hentry","category-ecologicas"],"_links":{"self":[{"href":"https:\/\/sertv.gob.pa\/crisolfm\/wp-json\/wp\/v2\/posts\/5172","targetHints":{"allow":["GET"]}}],"collection":[{"href":"https:\/\/sertv.gob.pa\/crisolfm\/wp-json\/wp\/v2\/posts"}],"about":[{"href":"https:\/\/sertv.gob.pa\/crisolfm\/wp-json\/wp\/v2\/types\/post"}],"author":[{"embeddable":true,"href":"https:\/\/sertv.gob.pa\/crisolfm\/wp-json\/wp\/v2\/users\/1"}],"replies":[{"embeddable":true,"href":"https:\/\/sertv.gob.pa\/crisolfm\/wp-json\/wp\/v2\/comments?post=5172"}],"version-history":[{"count":0,"href":"https:\/\/sertv.gob.pa\/crisolfm\/wp-json\/wp\/v2\/posts\/5172\/revisions"}],"wp:featuredmedia":[{"embeddable":true,"href":"https:\/\/sertv.gob.pa\/crisolfm\/wp-json\/wp\/v2\/media\/5173"}],"wp:attachment":[{"href":"https:\/\/sertv.gob.pa\/crisolfm\/wp-json\/wp\/v2\/media?parent=5172"}],"wp:term":[{"taxonomy":"category","embeddable":true,"href":"https:\/\/sertv.gob.pa\/crisolfm\/wp-json\/wp\/v2\/categories?post=5172"},{"taxonomy":"post_tag","embeddable":true,"href":"https:\/\/sertv.gob.pa\/crisolfm\/wp-json\/wp\/v2\/tags?post=5172"}],"curies":[{"name":"wp","href":"https:\/\/api.w.org\/{rel}","templated":true}]}}