{"id":5182,"date":"2016-05-10T16:11:22","date_gmt":"2016-05-10T16:11:22","guid":{"rendered":""},"modified":"2016-05-10T16:11:22","modified_gmt":"2016-05-10T16:11:22","slug":"buscan-cambio-radical-para-frenar-el-cambio-climatico","status":"publish","type":"post","link":"https:\/\/sertv.gob.pa\/crisolfm\/buscan-cambio-radical-para-frenar-el-cambio-climatico\/","title":{"rendered":"Buscan cambio \u2018radical&#8217; para frenar el cambio clim\u00e1tico"},"content":{"rendered":"<p>\nCient\u00edficos, alcaldes y pol\u00edticos globales se citaron en Washington para tratar soluciones &lsquo;pr\u00e1cticas&#8217; con el fin de \u00a0impulsar &lsquo;un cambio radical&#8217; e &lsquo;irreversible&#8217; en la econom\u00eda que haga frente al calentamiento global. <\/p>\n<p>&lsquo;Necesitamos actuar ahora. Necesitamos acelerar la velocidad, el alcance y la escala de nuestra respuesta, local y globalmente&#8217;, indic\u00f3 Ban Ki-moon, secretario general de la ONU, en la apertura de \u00a0la reuni\u00f3n &lsquo;Acci\u00f3n Clim\u00e1tica 2016&#8242; que tiene lugar en Washington. <\/p>\n<p>\u00a0&lsquo;Sequ\u00edas, tormentas e inundaciones est\u00e1n costando vidas y productividad desde Fiji a las Filipinas, desde Tailandia a Texas&#8217;, a\u00f1adi\u00f3. <\/p>\n<p>Por su parte, Jim Yong Kim, presidente del Banco Mundial (BM), coincidi\u00f3 en el llamado de urgencia al se\u00f1alar que el mundo no puede permitirse \u00abperder impulso, porque cada d\u00eda que pasa, el desaf\u00edo del clima crece&#8217;. <\/p>\n<p>Precisamente, Kim hizo referencia a un reciente estudio del organismo que indica que millones de personas en zonas como el \u00c1frica Subsahariana y Oriente Medio tendr\u00e1n que adaptarse a vivir con menos agua en los pr\u00f3ximos a\u00f1os. <\/p>\n<p>En concreto, el informe subraya que el crecimiento econ\u00f3mico podr\u00eda verse reducido en un 6 % solo por la escasez de agua de ahora hasta 2050 en estas regiones. Por ello, Segolene Royal, la ministra francesa de Medio Ambiente, tambi\u00e9n presente en el encuentro, recalc\u00f3 que el Acuerdo de Par\u00eds debe sentar las bases de un progreso &lsquo;irreversible&#8217; marcado por un crecimiento sostenible y respetuoso con el planeta. Este acuerdo, firmado en diciembre pasado en la capital francesa y llamado a cambiar el modelo de desarrollo del planeta hacia uno libre de combustibles f\u00f3siles, entrar\u00e1 en vigor cuando al menos 55 pa\u00edses, que sumen en total el 55% de las emisiones globales, lo hayan ratificado. <\/p>\n<p>La meta es disminuir el aumento de las temperaturas en no m\u00e1s de 2 grados Celsius respecto a \u00a0\u00a0los niveles de la era preindustrial. En este encuentro en Washington, parte del \u00e9nfasis se ha concentrado en la contribuci\u00f3n de las ciudades y las entidades de gobierno a nivel local, que pueden ser un catalizador clave, especialmente en lo que se refiere al transporte. A la cabeza, el llamado grupo C40, una red que agrupa a las principales ciudades mundiales que buscan coordinar esfuerzos en la lucha contra el calentamiento global. <\/p>\n<p>\u00a0 <\/p>\n","protected":false},"excerpt":{"rendered":"<p>Cient\u00edficos, alcaldes y pol\u00edticos globales se citaron en Washington para <a href=\"https:\/\/sertv.gob.pa\/crisolfm\/buscan-cambio-radical-para-frenar-el-cambio-climatico\/\"> [&#8230;]<\/a><\/p>\n","protected":false},"author":1,"featured_media":5183,"comment_status":"closed","ping_status":"closed","sticky":false,"template":"","format":"standard","meta":{"footnotes":""},"categories":[7],"tags":[],"class_list":["post-5182","post","type-post","status-publish","format-standard","has-post-thumbnail","hentry","category-ecologicas"],"_links":{"self":[{"href":"https:\/\/sertv.gob.pa\/crisolfm\/wp-json\/wp\/v2\/posts\/5182","targetHints":{"allow":["GET"]}}],"collection":[{"href":"https:\/\/sertv.gob.pa\/crisolfm\/wp-json\/wp\/v2\/posts"}],"about":[{"href":"https:\/\/sertv.gob.pa\/crisolfm\/wp-json\/wp\/v2\/types\/post"}],"author":[{"embeddable":true,"href":"https:\/\/sertv.gob.pa\/crisolfm\/wp-json\/wp\/v2\/users\/1"}],"replies":[{"embeddable":true,"href":"https:\/\/sertv.gob.pa\/crisolfm\/wp-json\/wp\/v2\/comments?post=5182"}],"version-history":[{"count":0,"href":"https:\/\/sertv.gob.pa\/crisolfm\/wp-json\/wp\/v2\/posts\/5182\/revisions"}],"wp:featuredmedia":[{"embeddable":true,"href":"https:\/\/sertv.gob.pa\/crisolfm\/wp-json\/wp\/v2\/media\/5183"}],"wp:attachment":[{"href":"https:\/\/sertv.gob.pa\/crisolfm\/wp-json\/wp\/v2\/media?parent=5182"}],"wp:term":[{"taxonomy":"category","embeddable":true,"href":"https:\/\/sertv.gob.pa\/crisolfm\/wp-json\/wp\/v2\/categories?post=5182"},{"taxonomy":"post_tag","embeddable":true,"href":"https:\/\/sertv.gob.pa\/crisolfm\/wp-json\/wp\/v2\/tags?post=5182"}],"curies":[{"name":"wp","href":"https:\/\/api.w.org\/{rel}","templated":true}]}}