{"id":5202,"date":"2016-05-12T16:16:34","date_gmt":"2016-05-12T16:16:34","guid":{"rendered":""},"modified":"2016-05-12T16:16:34","modified_gmt":"2016-05-12T16:16:34","slug":"nace-cria-de-rinoceronte-de-sumatra","status":"publish","type":"post","link":"https:\/\/sertv.gob.pa\/crisolfm\/nace-cria-de-rinoceronte-de-sumatra\/","title":{"rendered":"Nace cr\u00eda de rinoceronte de Sumatra"},"content":{"rendered":"<p>\nUn beb\u00e9 rinoceronte de Sumatra, especie en v\u00eda de extinci\u00f3n, naci\u00f3 en un santuario dedicado a estos mam\u00edferos en Indonesia, anunci\u00f3 \u00a0un portavoz del Ministerio de Medio Ambiente. <\/p>\n<p>La hembra vino al mundo a las 05H40 (22H40 GMT del mi\u00e9rcoles) en la isla de Sumatra. Estos rinocerontes tienen la particularidad de ser los \u00fanicos de Asia con dos cuernos. Es el segundo beb\u00e9 de la rinoceronte Ratu. <\/p>\n<p>El nacimiento precedente, hace cuatro a\u00f1os, fue el primero de un rinoceronte de Sumatra desde hace m\u00e1s de 140 a\u00f1os, seg\u00fan los responsables locales. El reci\u00e9n nacido y Ratu, que significa \u00abReina\u00bb en indonesio, gozan de buena salud. <\/p>\n<p>La madre amamant\u00f3 a la cr\u00eda dos horas despu\u00e9s del nacimiento, precis\u00f3 a AFP el portavoz del ministerio, Novrizal Tahar\u00bb <\/p>\n<p>Estamos muy agradecidos por este nacimiento ya que los rinocerontes de Sumatra son animales poco comunes\u00bb, agreg\u00f3. <\/p>\n<p>La Asociaci\u00f3n para la Defensa de la Naturaleza (WWF) considera esta especie de rinocerontes de Asia como un s\u00edmbolo emblem\u00e1tico de la biodiversidad en el seno del complejo ecosistema en el que estos mam\u00edferos viven. <\/p>\n<p>\u00a0 <\/p>\n","protected":false},"excerpt":{"rendered":"<p>Un beb\u00e9 rinoceronte de Sumatra, especie en v\u00eda de extinci\u00f3n, <a href=\"https:\/\/sertv.gob.pa\/crisolfm\/nace-cria-de-rinoceronte-de-sumatra\/\"> [&#8230;]<\/a><\/p>\n","protected":false},"author":1,"featured_media":5203,"comment_status":"closed","ping_status":"closed","sticky":false,"template":"","format":"standard","meta":{"footnotes":""},"categories":[7],"tags":[],"class_list":["post-5202","post","type-post","status-publish","format-standard","has-post-thumbnail","hentry","category-ecologicas"],"_links":{"self":[{"href":"https:\/\/sertv.gob.pa\/crisolfm\/wp-json\/wp\/v2\/posts\/5202","targetHints":{"allow":["GET"]}}],"collection":[{"href":"https:\/\/sertv.gob.pa\/crisolfm\/wp-json\/wp\/v2\/posts"}],"about":[{"href":"https:\/\/sertv.gob.pa\/crisolfm\/wp-json\/wp\/v2\/types\/post"}],"author":[{"embeddable":true,"href":"https:\/\/sertv.gob.pa\/crisolfm\/wp-json\/wp\/v2\/users\/1"}],"replies":[{"embeddable":true,"href":"https:\/\/sertv.gob.pa\/crisolfm\/wp-json\/wp\/v2\/comments?post=5202"}],"version-history":[{"count":0,"href":"https:\/\/sertv.gob.pa\/crisolfm\/wp-json\/wp\/v2\/posts\/5202\/revisions"}],"wp:featuredmedia":[{"embeddable":true,"href":"https:\/\/sertv.gob.pa\/crisolfm\/wp-json\/wp\/v2\/media\/5203"}],"wp:attachment":[{"href":"https:\/\/sertv.gob.pa\/crisolfm\/wp-json\/wp\/v2\/media?parent=5202"}],"wp:term":[{"taxonomy":"category","embeddable":true,"href":"https:\/\/sertv.gob.pa\/crisolfm\/wp-json\/wp\/v2\/categories?post=5202"},{"taxonomy":"post_tag","embeddable":true,"href":"https:\/\/sertv.gob.pa\/crisolfm\/wp-json\/wp\/v2\/tags?post=5202"}],"curies":[{"name":"wp","href":"https:\/\/api.w.org\/{rel}","templated":true}]}}