{"id":5216,"date":"2016-05-13T16:05:18","date_gmt":"2016-05-13T16:05:18","guid":{"rendered":""},"modified":"2016-05-13T16:05:18","modified_gmt":"2016-05-13T16:05:18","slug":"alarma-por-abejas-africanas-en-chiriqui","status":"publish","type":"post","link":"https:\/\/sertv.gob.pa\/crisolfm\/alarma-por-abejas-africanas-en-chiriqui\/","title":{"rendered":"Alarma por abejas africanas en Chiriqu\u00ed"},"content":{"rendered":"<p>\nCon el inicio de la temporada lluviosa, los enjambres de abejas africanizadas empiezan a sembrar el terror en la provincia de Chiriqu\u00ed. <\/p>\n<p>Seg\u00fan el Cuerpo de Bomberos de esta regi\u00f3n del pa\u00eds, en promedio atienden al d\u00eda ocho emergencias relacionadas con abejas, pues en esta \u00e9poca del a\u00f1o tienden a buscar un refugio donde reproducirse, por lo que anidan en los portales o techos de las viviendas. <\/p>\n<p>Estad\u00edsticas de la instituci\u00f3n detallan que en 2015 se dieron 900 atenciones y en lo que va del a\u00f1o se han contabilizado 400 emergencias de este tipo. <\/p>\n<p>Denis Montenegro, coronel jefe de la zona regional de Chiriqu\u00ed, explic\u00f3 que el \u00faltimo caso ocurri\u00f3 en una casa ubicada cerca de las oficinas regionales del Ministerio de Vivienda. <\/p>\n<p>Los insectos hicieron una colmena en un \u00e1rbol seco y atacaban a las personas, incluso llegaron a matar perros y gallinas con sus picaduras. <\/p>\n<p>Aurelia de Miranda, residente en David, manifest\u00f3 que cuando estos insectos se alojan en las residencias, terrazas, dep\u00f3sitos o \u00e1rboles frondosos infunden temor porque las picaduras, adem\u00e1s de ser dolorosas, pueden ocasionar la muerte. <\/p>\n<p>Si detecta la presencia de abejas, se recomienda que evite el ruido, ya que las irrita, y llame inmediatamente a los Bomberos. <\/p>\n<p>\u00a0 <\/p>\n","protected":false},"excerpt":{"rendered":"<p>Con el inicio de la temporada lluviosa, los enjambres de <a href=\"https:\/\/sertv.gob.pa\/crisolfm\/alarma-por-abejas-africanas-en-chiriqui\/\"> [&#8230;]<\/a><\/p>\n","protected":false},"author":1,"featured_media":5217,"comment_status":"closed","ping_status":"closed","sticky":false,"template":"","format":"standard","meta":{"footnotes":""},"categories":[7],"tags":[],"class_list":["post-5216","post","type-post","status-publish","format-standard","has-post-thumbnail","hentry","category-ecologicas"],"_links":{"self":[{"href":"https:\/\/sertv.gob.pa\/crisolfm\/wp-json\/wp\/v2\/posts\/5216","targetHints":{"allow":["GET"]}}],"collection":[{"href":"https:\/\/sertv.gob.pa\/crisolfm\/wp-json\/wp\/v2\/posts"}],"about":[{"href":"https:\/\/sertv.gob.pa\/crisolfm\/wp-json\/wp\/v2\/types\/post"}],"author":[{"embeddable":true,"href":"https:\/\/sertv.gob.pa\/crisolfm\/wp-json\/wp\/v2\/users\/1"}],"replies":[{"embeddable":true,"href":"https:\/\/sertv.gob.pa\/crisolfm\/wp-json\/wp\/v2\/comments?post=5216"}],"version-history":[{"count":0,"href":"https:\/\/sertv.gob.pa\/crisolfm\/wp-json\/wp\/v2\/posts\/5216\/revisions"}],"wp:featuredmedia":[{"embeddable":true,"href":"https:\/\/sertv.gob.pa\/crisolfm\/wp-json\/wp\/v2\/media\/5217"}],"wp:attachment":[{"href":"https:\/\/sertv.gob.pa\/crisolfm\/wp-json\/wp\/v2\/media?parent=5216"}],"wp:term":[{"taxonomy":"category","embeddable":true,"href":"https:\/\/sertv.gob.pa\/crisolfm\/wp-json\/wp\/v2\/categories?post=5216"},{"taxonomy":"post_tag","embeddable":true,"href":"https:\/\/sertv.gob.pa\/crisolfm\/wp-json\/wp\/v2\/tags?post=5216"}],"curies":[{"name":"wp","href":"https:\/\/api.w.org\/{rel}","templated":true}]}}