{"id":5220,"date":"2016-05-14T05:00:00","date_gmt":"2016-05-14T05:00:00","guid":{"rendered":""},"modified":"2016-05-14T05:00:00","modified_gmt":"2016-05-14T05:00:00","slug":"cinco-islas-desaparecen-en-el-pacifico-sur","status":"publish","type":"post","link":"https:\/\/sertv.gob.pa\/crisolfm\/cinco-islas-desaparecen-en-el-pacifico-sur\/","title":{"rendered":"Cinco islas desaparecen en el Pac\u00edfico Sur"},"content":{"rendered":"<p>\nUn grupo de cient\u00edficos ha alertado en un estudio de la desaparici\u00f3n de cinco islas deshabitadas del Pac\u00edfico Sur por el incremento del nivel del mar, que amenaza con arrasar otros territorios insulares de la zona. <\/p>\n<p>\u00abLa arena ha sido barrida de sus plataformas y (&#8230;) es imposible que se recuperen\u00bb, indic\u00f3 a Efe Javier Xavier Le\u00f3n, experto de la Universidad de la Sunshine Coast que particip\u00f3 en la investigaci\u00f3n. <\/p>\n<p>El estudio, publicado en la revista Environmental Research Letters, examin\u00f3 33 territorios de las Islas Salom\u00f3n mediante im\u00e1genes a\u00e9reas y por sat\u00e9lite que datan entre 1947 y 2014, y usaron el conocimiento de la poblaci\u00f3n local. <\/p>\n<p>El investigador, de origen peruano, calific\u00f3 de \u00abdr\u00e1stica\u00bb la desaparici\u00f3n de las cinco islas -llamadas Kale, Zollies, Rehana, Kakatina y Rapita- que ha sucedido en unas pocas d\u00e9cadas. <\/p>\n<p>\u00abEsta situaci\u00f3n no se ha visto, por lo menos de forma sistem\u00e1tica y con la misma velocidad, en otros lugares del Pac\u00edfico\u00bb, expres\u00f3 Le\u00f3n. <\/p>\n<p>A pesar de no registrar asentamientos humanos en las islas desaparecidas, de entre 12.240 y 48.890 metros cuadrados, \u00e9stas s\u00ed pose\u00edan vegetaci\u00f3n. <\/p>\n<p>\u00a0 <\/p>\n<p>\u00a0 <\/p>\n","protected":false},"excerpt":{"rendered":"<p>Un grupo de cient\u00edficos ha alertado en un estudio de <a href=\"https:\/\/sertv.gob.pa\/crisolfm\/cinco-islas-desaparecen-en-el-pacifico-sur\/\"> [&#8230;]<\/a><\/p>\n","protected":false},"author":1,"featured_media":5221,"comment_status":"closed","ping_status":"closed","sticky":false,"template":"","format":"standard","meta":{"footnotes":""},"categories":[7],"tags":[],"class_list":["post-5220","post","type-post","status-publish","format-standard","has-post-thumbnail","hentry","category-ecologicas"],"_links":{"self":[{"href":"https:\/\/sertv.gob.pa\/crisolfm\/wp-json\/wp\/v2\/posts\/5220","targetHints":{"allow":["GET"]}}],"collection":[{"href":"https:\/\/sertv.gob.pa\/crisolfm\/wp-json\/wp\/v2\/posts"}],"about":[{"href":"https:\/\/sertv.gob.pa\/crisolfm\/wp-json\/wp\/v2\/types\/post"}],"author":[{"embeddable":true,"href":"https:\/\/sertv.gob.pa\/crisolfm\/wp-json\/wp\/v2\/users\/1"}],"replies":[{"embeddable":true,"href":"https:\/\/sertv.gob.pa\/crisolfm\/wp-json\/wp\/v2\/comments?post=5220"}],"version-history":[{"count":0,"href":"https:\/\/sertv.gob.pa\/crisolfm\/wp-json\/wp\/v2\/posts\/5220\/revisions"}],"wp:featuredmedia":[{"embeddable":true,"href":"https:\/\/sertv.gob.pa\/crisolfm\/wp-json\/wp\/v2\/media\/5221"}],"wp:attachment":[{"href":"https:\/\/sertv.gob.pa\/crisolfm\/wp-json\/wp\/v2\/media?parent=5220"}],"wp:term":[{"taxonomy":"category","embeddable":true,"href":"https:\/\/sertv.gob.pa\/crisolfm\/wp-json\/wp\/v2\/categories?post=5220"},{"taxonomy":"post_tag","embeddable":true,"href":"https:\/\/sertv.gob.pa\/crisolfm\/wp-json\/wp\/v2\/tags?post=5220"}],"curies":[{"name":"wp","href":"https:\/\/api.w.org\/{rel}","templated":true}]}}