{"id":5236,"date":"2016-05-17T15:17:13","date_gmt":"2016-05-17T15:17:13","guid":{"rendered":""},"modified":"2016-05-17T15:17:13","modified_gmt":"2016-05-17T15:17:13","slug":"tormenta-y-tromba-marina-en-la-costa-atlantica","status":"publish","type":"post","link":"https:\/\/sertv.gob.pa\/crisolfm\/tormenta-y-tromba-marina-en-la-costa-atlantica\/","title":{"rendered":"Tormenta y tromba marina en la costa atl\u00e1ntica"},"content":{"rendered":"<p>\nAnte el aviso de precipitaciones con descargas el\u00e9ctricas emitido por Hidrometeorolog\u00eda de ETESA, los colonenses fueron sorprendidos en el d\u00eda de ayer por una tromba marina que pudo apreciarse en la Bah\u00eda Lim\u00f3n y parte del corregimiento de Crist\u00f3bal. <\/p>\n<p>Este fen\u00f3meno de la naturaleza \u00a0pudo ser apreciado por miles de personas que no daban cr\u00e9dito de lo sucedido, a pesar \u00a0que es propio de la zona, las advertencias de hidrometeorolog\u00eda de ETESA, de precipitaciones con descargas el\u00e9ctricas y r\u00e1fagas de viento emitida para este fin de semana se pudo sentir este lunes en la ciudad y parte de las costas. <\/p>\n<p>El paso de la tromba no gener\u00f3 afectaciones mayores \u00fanicamente inundaciones en diferentes calles de la ciudad producto de la mala disposici\u00f3n de los desechos s\u00f3lidos. <\/p>\n<p>Tomas Salazar representante suplente de Miramar explic\u00f3 que se dieron afectaciones en las comunidades de Palenque, Miramar, \u00a0Cuango y Playa Chiquita, en la Costa Arriba, donde varias residencias han sido afectadas con voladura de techo. <\/p>\n<p>\u00a0 <\/p>\n","protected":false},"excerpt":{"rendered":"<p>Ante el aviso de precipitaciones con descargas el\u00e9ctricas emitido por <a href=\"https:\/\/sertv.gob.pa\/crisolfm\/tormenta-y-tromba-marina-en-la-costa-atlantica\/\"> [&#8230;]<\/a><\/p>\n","protected":false},"author":1,"featured_media":5237,"comment_status":"closed","ping_status":"closed","sticky":false,"template":"","format":"standard","meta":{"footnotes":""},"categories":[7],"tags":[],"class_list":["post-5236","post","type-post","status-publish","format-standard","has-post-thumbnail","hentry","category-ecologicas"],"_links":{"self":[{"href":"https:\/\/sertv.gob.pa\/crisolfm\/wp-json\/wp\/v2\/posts\/5236","targetHints":{"allow":["GET"]}}],"collection":[{"href":"https:\/\/sertv.gob.pa\/crisolfm\/wp-json\/wp\/v2\/posts"}],"about":[{"href":"https:\/\/sertv.gob.pa\/crisolfm\/wp-json\/wp\/v2\/types\/post"}],"author":[{"embeddable":true,"href":"https:\/\/sertv.gob.pa\/crisolfm\/wp-json\/wp\/v2\/users\/1"}],"replies":[{"embeddable":true,"href":"https:\/\/sertv.gob.pa\/crisolfm\/wp-json\/wp\/v2\/comments?post=5236"}],"version-history":[{"count":0,"href":"https:\/\/sertv.gob.pa\/crisolfm\/wp-json\/wp\/v2\/posts\/5236\/revisions"}],"wp:featuredmedia":[{"embeddable":true,"href":"https:\/\/sertv.gob.pa\/crisolfm\/wp-json\/wp\/v2\/media\/5237"}],"wp:attachment":[{"href":"https:\/\/sertv.gob.pa\/crisolfm\/wp-json\/wp\/v2\/media?parent=5236"}],"wp:term":[{"taxonomy":"category","embeddable":true,"href":"https:\/\/sertv.gob.pa\/crisolfm\/wp-json\/wp\/v2\/categories?post=5236"},{"taxonomy":"post_tag","embeddable":true,"href":"https:\/\/sertv.gob.pa\/crisolfm\/wp-json\/wp\/v2\/tags?post=5236"}],"curies":[{"name":"wp","href":"https:\/\/api.w.org\/{rel}","templated":true}]}}