{"id":5244,"date":"2016-05-17T15:57:47","date_gmt":"2016-05-17T15:57:47","guid":{"rendered":""},"modified":"2016-05-17T15:57:47","modified_gmt":"2016-05-17T15:57:47","slug":"semana-del-reciclaje","status":"publish","type":"post","link":"https:\/\/sertv.gob.pa\/crisolfm\/semana-del-reciclaje\/","title":{"rendered":"Semana del reciclaje"},"content":{"rendered":"<p>\nPor segundo a\u00f1o consecutivo se efect\u00faa en la ciudad capital la  Semana del Reciclaje , para fomentar una mejor gesti\u00f3n de los residuos s\u00f3lidos en el pa\u00eds. <\/p>\n<p>Para esta edici\u00f3n, que inici\u00f3 este 16 de mayo\u00a0y que continuar\u00e1 hasta el 22 de mayo, participan alrededor de una docena de organismos, instituciones y empresas privadas, con el ideal de &ldquo;promover un cambio cultural en la ciudadan\u00eda, a partir de la incorporaci\u00f3n de un estilo de vida sostenible y la pr\u00e1ctica de un consumo responsable&rdquo;, explica Hortencia Barr\u00eda, representante en Panam\u00e1 de la Fundaci\u00f3n Suiza de Cooperaci\u00f3n para el Desarrollo T\u00e9cnico, Swisscontact, organizador del evento, conjuntamente con el Ministerio de Ambiente, la Alcald\u00eda de Panam\u00e1, la Autoridad de Aseo Urbano y Domiciliario (AAUD), el Ministerio de Educaci\u00f3n (Meduca), la Autoridad de Protecci\u00f3n al Consumidor y Defensa de la Competencia (Acodeco), el Municipio de Chitr\u00e9, Fundaci\u00f3n Sembrarte, Yo Voy Verde, Sumarse y un grupo de empresas del sector privado. <\/p>\n<p>El reciclaje -contin\u00faa Barr\u00eda- es una excelente opci\u00f3n para mitigar el cambio clim\u00e1tico porque ayuda a disminuir los gases del efecto invernadero, a ahorrar recursos, generar empleos y reducir la contaminaci\u00f3n. <\/p>\n<p>\u00a0&ldquo;Deber\u00eda ser un proceso habitual, algo ya incorporado a nuestra vida&rdquo;, a\u00f1ade \u00a0la representante, quien remarca que \u00fanicamente en la ciudad capital se producen diariamente entre mil 500 a 2 mil toneladas de desechos, que colocan a Panam\u00e1 como el segundo pa\u00eds de la regi\u00f3n con mayor producci\u00f3n de basura per c\u00e1pita, seg\u00fan un informe difundido por el Bando Interamericano de Desarrollo (BID). <\/p>\n<p>Datos publicados por la Alcald\u00eda de Panam\u00e1 (Mupa.gob.pa) aseguran que aunque un 70% de los residuos generados podr\u00edan ser reciclados, apenas un porcentaje muy bajo, que representa &ldquo;menos del 5%&rdquo;, se logra desviar del vertedero. <\/p>\n<p>\u00a0 <\/p>\n<p>\u00a0 <\/p>\n","protected":false},"excerpt":{"rendered":"<p>Por segundo a\u00f1o consecutivo se efect\u00faa en la ciudad capital <a href=\"https:\/\/sertv.gob.pa\/crisolfm\/semana-del-reciclaje\/\"> [&#8230;]<\/a><\/p>\n","protected":false},"author":1,"featured_media":5245,"comment_status":"closed","ping_status":"closed","sticky":false,"template":"","format":"standard","meta":{"footnotes":""},"categories":[7],"tags":[],"class_list":["post-5244","post","type-post","status-publish","format-standard","has-post-thumbnail","hentry","category-ecologicas"],"_links":{"self":[{"href":"https:\/\/sertv.gob.pa\/crisolfm\/wp-json\/wp\/v2\/posts\/5244","targetHints":{"allow":["GET"]}}],"collection":[{"href":"https:\/\/sertv.gob.pa\/crisolfm\/wp-json\/wp\/v2\/posts"}],"about":[{"href":"https:\/\/sertv.gob.pa\/crisolfm\/wp-json\/wp\/v2\/types\/post"}],"author":[{"embeddable":true,"href":"https:\/\/sertv.gob.pa\/crisolfm\/wp-json\/wp\/v2\/users\/1"}],"replies":[{"embeddable":true,"href":"https:\/\/sertv.gob.pa\/crisolfm\/wp-json\/wp\/v2\/comments?post=5244"}],"version-history":[{"count":0,"href":"https:\/\/sertv.gob.pa\/crisolfm\/wp-json\/wp\/v2\/posts\/5244\/revisions"}],"wp:featuredmedia":[{"embeddable":true,"href":"https:\/\/sertv.gob.pa\/crisolfm\/wp-json\/wp\/v2\/media\/5245"}],"wp:attachment":[{"href":"https:\/\/sertv.gob.pa\/crisolfm\/wp-json\/wp\/v2\/media?parent=5244"}],"wp:term":[{"taxonomy":"category","embeddable":true,"href":"https:\/\/sertv.gob.pa\/crisolfm\/wp-json\/wp\/v2\/categories?post=5244"},{"taxonomy":"post_tag","embeddable":true,"href":"https:\/\/sertv.gob.pa\/crisolfm\/wp-json\/wp\/v2\/tags?post=5244"}],"curies":[{"name":"wp","href":"https:\/\/api.w.org\/{rel}","templated":true}]}}