{"id":5256,"date":"2016-05-18T15:59:16","date_gmt":"2016-05-18T15:59:16","guid":{"rendered":""},"modified":"2016-05-18T15:59:16","modified_gmt":"2016-05-18T15:59:16","slug":"sismo-de-magnitud-6-8-sacude-hoy-nuevamente-a-ecuador","status":"publish","type":"post","link":"https:\/\/sertv.gob.pa\/crisolfm\/sismo-de-magnitud-6-8-sacude-hoy-nuevamente-a-ecuador\/","title":{"rendered":"Sismo de magnitud 6.8 sacude hoy nuevamente a Ecuador"},"content":{"rendered":"<p>\nUn sismo de magnitud 6.8 sacudi\u00f3 en la madrugada de hoy mi\u00e9rcoles a  Ecuador  y dej\u00f3 \u00abpeque\u00f1os da\u00f1os materiales\u00bb y heridos leves, un mes luego del terremoto de magnitud 7.8 que dej\u00f3 unos 700 muertos, informaron las autoridades.\u00a0 <\/p>\n<p>\u00abNo existe alerta de tsunami\u00bb, manifest\u00f3 el presidente  Rafael Correa  a trav\u00e9s de su cuenta en Twitter. <\/p>\n<p>El presidente se\u00f1al\u00f3 que se encontraba en las oficinas del Servicio Integrado de Seguridad ECU911, en el centro de Quito, donde se instal\u00f3 el Comit\u00e9 de Operaciones de Emergencias nacional. <\/p>\n<p>\u00abHay lesionados leves pero b\u00e1sicamente porque salieron corriendo, se tropezaron, cosas as\u00ed, y tambi\u00e9n afectaciones menores en infraestructura\u00bb, expres\u00f3 el mandatario a la prensa, sin brindar cifras sobre los heridos o el monto de los da\u00f1os. <\/p>\n<p>El mandatario se\u00f1al\u00f3 que el movimiento tel\u00farico fue una \u00abfuerte r\u00e9plica\u00bb y que el epicentro se ubic\u00f3 en el balneario de Mompiche, en la provincia costera de Esmeraldas (noroeste y fronteriza con Colombia), donde \u00abhay peque\u00f1os da\u00f1os materiales\u00bb. \u00abTodos tranquilos. Quito puede regresar a casas\u00bb, expres\u00f3 Correa tras el susto generado entre la poblaci\u00f3n de la capital. <\/p>\n<p>Provincias de Manab\u00ed y Esmeraldas \u00abparcialmente sin energ\u00eda, pero ya la estamos recuperando. Resto del pa\u00eds sin novedades\u00bb, a\u00f1adi\u00f3 el presidente en su cuenta Twitter. <\/p>\n<p>\u00a0 <\/p>\n<p>\u00a0 <\/p>\n","protected":false},"excerpt":{"rendered":"<p>Un sismo de magnitud 6.8 sacudi\u00f3 en la madrugada de <a href=\"https:\/\/sertv.gob.pa\/crisolfm\/sismo-de-magnitud-6-8-sacude-hoy-nuevamente-a-ecuador\/\"> [&#8230;]<\/a><\/p>\n","protected":false},"author":1,"featured_media":5257,"comment_status":"closed","ping_status":"closed","sticky":false,"template":"","format":"standard","meta":{"footnotes":""},"categories":[7],"tags":[],"class_list":["post-5256","post","type-post","status-publish","format-standard","has-post-thumbnail","hentry","category-ecologicas"],"_links":{"self":[{"href":"https:\/\/sertv.gob.pa\/crisolfm\/wp-json\/wp\/v2\/posts\/5256","targetHints":{"allow":["GET"]}}],"collection":[{"href":"https:\/\/sertv.gob.pa\/crisolfm\/wp-json\/wp\/v2\/posts"}],"about":[{"href":"https:\/\/sertv.gob.pa\/crisolfm\/wp-json\/wp\/v2\/types\/post"}],"author":[{"embeddable":true,"href":"https:\/\/sertv.gob.pa\/crisolfm\/wp-json\/wp\/v2\/users\/1"}],"replies":[{"embeddable":true,"href":"https:\/\/sertv.gob.pa\/crisolfm\/wp-json\/wp\/v2\/comments?post=5256"}],"version-history":[{"count":0,"href":"https:\/\/sertv.gob.pa\/crisolfm\/wp-json\/wp\/v2\/posts\/5256\/revisions"}],"wp:featuredmedia":[{"embeddable":true,"href":"https:\/\/sertv.gob.pa\/crisolfm\/wp-json\/wp\/v2\/media\/5257"}],"wp:attachment":[{"href":"https:\/\/sertv.gob.pa\/crisolfm\/wp-json\/wp\/v2\/media?parent=5256"}],"wp:term":[{"taxonomy":"category","embeddable":true,"href":"https:\/\/sertv.gob.pa\/crisolfm\/wp-json\/wp\/v2\/categories?post=5256"},{"taxonomy":"post_tag","embeddable":true,"href":"https:\/\/sertv.gob.pa\/crisolfm\/wp-json\/wp\/v2\/tags?post=5256"}],"curies":[{"name":"wp","href":"https:\/\/api.w.org\/{rel}","templated":true}]}}