{"id":5276,"date":"2016-05-20T15:20:59","date_gmt":"2016-05-20T15:20:59","guid":{"rendered":""},"modified":"2016-05-20T15:20:59","modified_gmt":"2016-05-20T15:20:59","slug":"cambio-climatico-avanza-mas-rapido-de-lo-previsto","status":"publish","type":"post","link":"https:\/\/sertv.gob.pa\/crisolfm\/cambio-climatico-avanza-mas-rapido-de-lo-previsto\/","title":{"rendered":"Cambio clim\u00e1tico avanza m\u00e1s r\u00e1pido de lo previsto"},"content":{"rendered":"<p>\nLos efectos del cambio clim\u00e1tico se manifiestan a m\u00e1s velocidad de lo que la comunidad cient\u00edfica hab\u00eda previsto, por lo que los gobiernos deber\u00edan tomar medidas de inmediato, advirti\u00f3 el Programa de Naciones Unidas para el Medio Ambiente (PNUMA). <\/p>\n<p>El estudio Previsi\u00f3n Medioambiental Global (GEO-6, en ingl\u00e9s), presentado en Nairobi, es el \u00faltimo y m\u00e1s exhaustivo informe efectuado por el PNUMA que, a trav\u00e9s de seis estudios regionales, revela una amenaza com\u00fan global cuya intensidad aumenta de manera preocupante. <\/p>\n<p>En casi todo el mundo, el incremento de la poblaci\u00f3n, la r\u00e1pida urbanizaci\u00f3n, los crecientes niveles de consumo, la desertificaci\u00f3n y la degradaci\u00f3n del suelo han provocado una grave escasez de agua y han puesto en riesgo la seguridad alimentaria de cientos de millones de personas. <\/p>\n<p>\u00abSi esta tendencia continua y el mundo no consigue mejorar los patrones actuales de producci\u00f3n y de consumo, si no logramos utilizar los recursos naturales de forma sostenible, el estado del medio ambiente seguir\u00e1 empeorando\u00bb, lament\u00f3 en rueda de prensa el director ejecutivo del PNUMA, Achim Steiner. <\/p>\n<p>A pesar de todo, las evaluaciones regionales muestran que a\u00fan hay tiempo para neutralizar las consecuencias m\u00e1s da\u00f1inas del cambio clim\u00e1tico, en especial la destrucci\u00f3n de los ecosistemas marinos y el creciente nivel de contaminaci\u00f3n del aire. \u00abSe agota el tiempo, es cierto, pero todav\u00eda podemos decidir si queremos ser parte del problema o de la soluci\u00f3n\u00bb, sentenci\u00f3 Steiner. <\/p>\n<p>\u00a0 <\/p>\n","protected":false},"excerpt":{"rendered":"<p>Los efectos del cambio clim\u00e1tico se manifiestan a m\u00e1s velocidad <a href=\"https:\/\/sertv.gob.pa\/crisolfm\/cambio-climatico-avanza-mas-rapido-de-lo-previsto\/\"> [&#8230;]<\/a><\/p>\n","protected":false},"author":1,"featured_media":5277,"comment_status":"closed","ping_status":"closed","sticky":false,"template":"","format":"standard","meta":{"footnotes":""},"categories":[7],"tags":[],"class_list":["post-5276","post","type-post","status-publish","format-standard","has-post-thumbnail","hentry","category-ecologicas"],"_links":{"self":[{"href":"https:\/\/sertv.gob.pa\/crisolfm\/wp-json\/wp\/v2\/posts\/5276","targetHints":{"allow":["GET"]}}],"collection":[{"href":"https:\/\/sertv.gob.pa\/crisolfm\/wp-json\/wp\/v2\/posts"}],"about":[{"href":"https:\/\/sertv.gob.pa\/crisolfm\/wp-json\/wp\/v2\/types\/post"}],"author":[{"embeddable":true,"href":"https:\/\/sertv.gob.pa\/crisolfm\/wp-json\/wp\/v2\/users\/1"}],"replies":[{"embeddable":true,"href":"https:\/\/sertv.gob.pa\/crisolfm\/wp-json\/wp\/v2\/comments?post=5276"}],"version-history":[{"count":0,"href":"https:\/\/sertv.gob.pa\/crisolfm\/wp-json\/wp\/v2\/posts\/5276\/revisions"}],"wp:featuredmedia":[{"embeddable":true,"href":"https:\/\/sertv.gob.pa\/crisolfm\/wp-json\/wp\/v2\/media\/5277"}],"wp:attachment":[{"href":"https:\/\/sertv.gob.pa\/crisolfm\/wp-json\/wp\/v2\/media?parent=5276"}],"wp:term":[{"taxonomy":"category","embeddable":true,"href":"https:\/\/sertv.gob.pa\/crisolfm\/wp-json\/wp\/v2\/categories?post=5276"},{"taxonomy":"post_tag","embeddable":true,"href":"https:\/\/sertv.gob.pa\/crisolfm\/wp-json\/wp\/v2\/tags?post=5276"}],"curies":[{"name":"wp","href":"https:\/\/api.w.org\/{rel}","templated":true}]}}