{"id":5286,"date":"2016-05-20T20:09:49","date_gmt":"2016-05-20T20:09:49","guid":{"rendered":""},"modified":"2016-05-20T20:09:49","modified_gmt":"2016-05-20T20:09:49","slug":"entra-en-intensa-actividad-eruptiva-el-volcan-turrialba","status":"publish","type":"post","link":"https:\/\/sertv.gob.pa\/crisolfm\/entra-en-intensa-actividad-eruptiva-el-volcan-turrialba\/","title":{"rendered":"Entra en intensa actividad eruptiva el Volc\u00e1n Turrialba"},"content":{"rendered":"<p>\n El volc\u00e1n Turrialba de Costa Rica  empez\u00f3 este viernes 20 de mayo una fuerte actividad eruptiva, con columnas de humo y ceniza que el viento extiende hacia la capital, 30 kil\u00f3metros al este, informaron expertos en el campo. <\/p>\n<p>\u00a0&ldquo;Me parece que es la erupci\u00f3n m\u00e1s fuerte de los \u00faltimos seis a\u00f1os&rdquo;, coment\u00f3 a periodistas el vulcan\u00f3logo Gino Gonz\u00e1lez desde el Turrialba, donde la columna de ceniza alcanz\u00f3 3 kil\u00f3metros de altura. <\/p>\n<p>Un olor a azufre se sent\u00eda en San Jos\u00e9 y localidades aleda\u00f1as, mientras las finas part\u00edculas de ceniza dificultaban la visibilidad de peatones y cubr\u00edan veh\u00edculos y muebles. <\/p>\n<p>El volc\u00e1n, de 3 mil 340 metros sobre el nivel del mar, hizo tres erupciones menores el jueves, y la ma\u00f1ana de este viernes intensific\u00f3 su actividad con varias erupciones fuertes. <\/p>\n<p>Gonz\u00e1lez indic\u00f3 que el viento apunta al oeste, lo que indica que las cenizas llegar\u00edan al Valle Central, donde se encuentran las principales ciudades del pa\u00eds, incluida la capital, y se concentra la mayor parte de la poblaci\u00f3n. <\/p>\n<p>La Comisi\u00f3n Nacional de Emergencias manifest\u00f3 en un comunicado que activ\u00f3 planes de emergencia para los cantones de Alvarado y Turrialba, aleda\u00f1os al volc\u00e1n, y contact\u00f3 a las autoridades del principal aeropuerto internacional del pa\u00eds para que se preparen en caso de que las cenizas obliguen a suspender vuelos. <\/p>\n<p>\u00a0 <\/p>\n<p>\u00a0 <\/p>\n","protected":false},"excerpt":{"rendered":"<p>El volc\u00e1n Turrialba de Costa Rica empez\u00f3 este viernes 20 <a href=\"https:\/\/sertv.gob.pa\/crisolfm\/entra-en-intensa-actividad-eruptiva-el-volcan-turrialba\/\"> [&#8230;]<\/a><\/p>\n","protected":false},"author":1,"featured_media":5287,"comment_status":"closed","ping_status":"closed","sticky":false,"template":"","format":"standard","meta":{"footnotes":""},"categories":[7],"tags":[],"class_list":["post-5286","post","type-post","status-publish","format-standard","has-post-thumbnail","hentry","category-ecologicas"],"_links":{"self":[{"href":"https:\/\/sertv.gob.pa\/crisolfm\/wp-json\/wp\/v2\/posts\/5286","targetHints":{"allow":["GET"]}}],"collection":[{"href":"https:\/\/sertv.gob.pa\/crisolfm\/wp-json\/wp\/v2\/posts"}],"about":[{"href":"https:\/\/sertv.gob.pa\/crisolfm\/wp-json\/wp\/v2\/types\/post"}],"author":[{"embeddable":true,"href":"https:\/\/sertv.gob.pa\/crisolfm\/wp-json\/wp\/v2\/users\/1"}],"replies":[{"embeddable":true,"href":"https:\/\/sertv.gob.pa\/crisolfm\/wp-json\/wp\/v2\/comments?post=5286"}],"version-history":[{"count":0,"href":"https:\/\/sertv.gob.pa\/crisolfm\/wp-json\/wp\/v2\/posts\/5286\/revisions"}],"wp:featuredmedia":[{"embeddable":true,"href":"https:\/\/sertv.gob.pa\/crisolfm\/wp-json\/wp\/v2\/media\/5287"}],"wp:attachment":[{"href":"https:\/\/sertv.gob.pa\/crisolfm\/wp-json\/wp\/v2\/media?parent=5286"}],"wp:term":[{"taxonomy":"category","embeddable":true,"href":"https:\/\/sertv.gob.pa\/crisolfm\/wp-json\/wp\/v2\/categories?post=5286"},{"taxonomy":"post_tag","embeddable":true,"href":"https:\/\/sertv.gob.pa\/crisolfm\/wp-json\/wp\/v2\/tags?post=5286"}],"curies":[{"name":"wp","href":"https:\/\/api.w.org\/{rel}","templated":true}]}}