{"id":5290,"date":"2016-05-22T05:00:00","date_gmt":"2016-05-22T05:00:00","guid":{"rendered":""},"modified":"2016-05-22T05:00:00","modified_gmt":"2016-05-22T05:00:00","slug":"buscan-prohibir-matanza-de-toros-en-festival","status":"publish","type":"post","link":"https:\/\/sertv.gob.pa\/crisolfm\/buscan-prohibir-matanza-de-toros-en-festival\/","title":{"rendered":"Buscan  prohibir matanza de toros en festival"},"content":{"rendered":"<p>\n Un gobierno regional de Espa\u00f1a  ha prohibido la matanza de toros en los festivales de pueblo, una medida para evitar que los animales mueran alanceados en uno de los eventos de verano m\u00e1s sangrientos del pa\u00eds. <\/p>\n<p>Aunque no afectar\u00e1 las corridas de toro, la decisi\u00f3n  del gobierno de Castilla y Le\u00f3n  busca poner fin a la matanza de toros en el festival regional Toro de la Vega que se realiza cada a\u00f1o en  Tordesillas , en donde hombres a caballo persiguen a un toro y le clavan lanzas frente a los espectadores. <\/p>\n<p>El evento que se celebra desde hace siglos a unos 200 kil\u00f3metros al noroeste de Madrid, en a\u00f1os recientes ha generado protestas crecientes de activistas por los derechos animales que lo denuncian como un acto de crueldad y solicitan su prohibici\u00f3n. <\/p>\n<p>Los legisladores regionales todav\u00eda deben aprobar el fallo, pero el gobierno cuenta con una mayor\u00eda en la asamblea legislativa para que probablemente asegure su aprobaci\u00f3n en Castilla y Le\u00f3n. <\/p>\n<p>El gobierno regional se ha enfrentado a una creciente tensi\u00f3n entre los grupos espa\u00f1oles en contra de las corridas de toro y aquellos que defienden la tradici\u00f3n. <\/p>\n<p>\u00a0 <\/p>\n<p>\u00a0 <\/p>\n","protected":false},"excerpt":{"rendered":"<p>Un gobierno regional de Espa\u00f1a ha prohibido la matanza de <a href=\"https:\/\/sertv.gob.pa\/crisolfm\/buscan-prohibir-matanza-de-toros-en-festival\/\"> [&#8230;]<\/a><\/p>\n","protected":false},"author":1,"featured_media":5291,"comment_status":"closed","ping_status":"closed","sticky":false,"template":"","format":"standard","meta":{"footnotes":""},"categories":[7],"tags":[],"class_list":["post-5290","post","type-post","status-publish","format-standard","has-post-thumbnail","hentry","category-ecologicas"],"_links":{"self":[{"href":"https:\/\/sertv.gob.pa\/crisolfm\/wp-json\/wp\/v2\/posts\/5290","targetHints":{"allow":["GET"]}}],"collection":[{"href":"https:\/\/sertv.gob.pa\/crisolfm\/wp-json\/wp\/v2\/posts"}],"about":[{"href":"https:\/\/sertv.gob.pa\/crisolfm\/wp-json\/wp\/v2\/types\/post"}],"author":[{"embeddable":true,"href":"https:\/\/sertv.gob.pa\/crisolfm\/wp-json\/wp\/v2\/users\/1"}],"replies":[{"embeddable":true,"href":"https:\/\/sertv.gob.pa\/crisolfm\/wp-json\/wp\/v2\/comments?post=5290"}],"version-history":[{"count":0,"href":"https:\/\/sertv.gob.pa\/crisolfm\/wp-json\/wp\/v2\/posts\/5290\/revisions"}],"wp:featuredmedia":[{"embeddable":true,"href":"https:\/\/sertv.gob.pa\/crisolfm\/wp-json\/wp\/v2\/media\/5291"}],"wp:attachment":[{"href":"https:\/\/sertv.gob.pa\/crisolfm\/wp-json\/wp\/v2\/media?parent=5290"}],"wp:term":[{"taxonomy":"category","embeddable":true,"href":"https:\/\/sertv.gob.pa\/crisolfm\/wp-json\/wp\/v2\/categories?post=5290"},{"taxonomy":"post_tag","embeddable":true,"href":"https:\/\/sertv.gob.pa\/crisolfm\/wp-json\/wp\/v2\/tags?post=5290"}],"curies":[{"name":"wp","href":"https:\/\/api.w.org\/{rel}","templated":true}]}}