{"id":5292,"date":"2016-05-23T15:42:55","date_gmt":"2016-05-23T15:42:55","guid":{"rendered":""},"modified":"2016-05-23T15:42:55","modified_gmt":"2016-05-23T15:42:55","slug":"nuevo-record-de-contaminacion-en-el-mundo","status":"publish","type":"post","link":"https:\/\/sertv.gob.pa\/crisolfm\/nuevo-record-de-contaminacion-en-el-mundo\/","title":{"rendered":"Nuevo r\u00e9cord de contaminaci\u00f3n en el mundo"},"content":{"rendered":"<p>\nMediciones muestran que la cantidad de di\u00f3xido de carbono, un gas de efecto invernadero, en la atm\u00f3sfera subi\u00f3 el mes pasado al nivel m\u00e1s alto registrado, un incremento intensificado por el fen\u00f3meno clim\u00e1tico  El Ni\u00f1o , manifestaron cient\u00edficos. <\/p>\n<p>Los niveles de di\u00f3xido de carbono aumentaron en 4.16 partes por mill\u00f3n en abril en comparaci\u00f3n con un a\u00f1o antes, seg\u00fan mediciones en Mauna Loa, Hawaii. <\/p>\n<p>Hasta este a\u00f1o, el mayor incremento era de 3.7 ppm. Los registros se remontan a 1950. <\/p>\n<p>El nivel de di\u00f3xido de carb\u00f3n de abril de 407.42 ppm se dio por un incremento r\u00e9cord de 2.59 ppm con respecto a marzo. <\/p>\n<p>Los niveles de di\u00f3xido de carb\u00f3n son c\u00edclicos, y alcanzan su registro m\u00e1s alto en mayo para luego descender hacia fin de a\u00f1o. <\/p>\n<p>La cifra de abril es adicional al aumento estable anual de 2.5 a 3 ppm por la quema de combustibles f\u00f3siles. <\/p>\n<p>Jim Butler, director federal de monitoreo atmosf\u00e9rico global, calific\u00f3 el incremento como temible, e indic\u00f3 que fue detonado por El Ni\u00f1o. <\/p>\n<p>\u00a0 <\/p>\n<p>\u00a0 <\/p>\n","protected":false},"excerpt":{"rendered":"<p>Mediciones muestran que la cantidad de di\u00f3xido de carbono, un <a href=\"https:\/\/sertv.gob.pa\/crisolfm\/nuevo-record-de-contaminacion-en-el-mundo\/\"> [&#8230;]<\/a><\/p>\n","protected":false},"author":1,"featured_media":5293,"comment_status":"closed","ping_status":"closed","sticky":false,"template":"","format":"standard","meta":{"footnotes":""},"categories":[7],"tags":[],"class_list":["post-5292","post","type-post","status-publish","format-standard","has-post-thumbnail","hentry","category-ecologicas"],"_links":{"self":[{"href":"https:\/\/sertv.gob.pa\/crisolfm\/wp-json\/wp\/v2\/posts\/5292","targetHints":{"allow":["GET"]}}],"collection":[{"href":"https:\/\/sertv.gob.pa\/crisolfm\/wp-json\/wp\/v2\/posts"}],"about":[{"href":"https:\/\/sertv.gob.pa\/crisolfm\/wp-json\/wp\/v2\/types\/post"}],"author":[{"embeddable":true,"href":"https:\/\/sertv.gob.pa\/crisolfm\/wp-json\/wp\/v2\/users\/1"}],"replies":[{"embeddable":true,"href":"https:\/\/sertv.gob.pa\/crisolfm\/wp-json\/wp\/v2\/comments?post=5292"}],"version-history":[{"count":0,"href":"https:\/\/sertv.gob.pa\/crisolfm\/wp-json\/wp\/v2\/posts\/5292\/revisions"}],"wp:featuredmedia":[{"embeddable":true,"href":"https:\/\/sertv.gob.pa\/crisolfm\/wp-json\/wp\/v2\/media\/5293"}],"wp:attachment":[{"href":"https:\/\/sertv.gob.pa\/crisolfm\/wp-json\/wp\/v2\/media?parent=5292"}],"wp:term":[{"taxonomy":"category","embeddable":true,"href":"https:\/\/sertv.gob.pa\/crisolfm\/wp-json\/wp\/v2\/categories?post=5292"},{"taxonomy":"post_tag","embeddable":true,"href":"https:\/\/sertv.gob.pa\/crisolfm\/wp-json\/wp\/v2\/tags?post=5292"}],"curies":[{"name":"wp","href":"https:\/\/api.w.org\/{rel}","templated":true}]}}