{"id":5300,"date":"2016-05-23T16:13:37","date_gmt":"2016-05-23T16:13:37","guid":{"rendered":""},"modified":"2016-05-23T16:13:37","modified_gmt":"2016-05-23T16:13:37","slug":"seminario-sobre-planes-de-reforestacion-y-arborizacion","status":"publish","type":"post","link":"https:\/\/sertv.gob.pa\/crisolfm\/seminario-sobre-planes-de-reforestacion-y-arborizacion\/","title":{"rendered":"Seminario sobre planes de reforestaci\u00f3n y arborizaci\u00f3n"},"content":{"rendered":"<p>\nPanam\u00e1 debe trazarse como meta disminuir la tasa de deforestaci\u00f3n, que actualmente es de unas 35 mil hect\u00e1reas anuales, expres\u00f3 Luis H. C\u00f3rdoba, experto en silvicultura, durante un seminario sobre planes de reforestaci\u00f3n y arborizaci\u00f3n, organizado por la C\u00e1mara Paname\u00f1a de la Construcci\u00f3n (Capac). <\/p>\n<p>La iniciativa tuvo el prop\u00f3sito de crear conciencia ecol\u00f3gica entre los agremiados de la Capac para que contribuyan en la conservaci\u00f3n del medio ambiente. <\/p>\n<p>La jornada, que congreg\u00f3 a promotores, constructores, profesionales independientes y funcionarios del Ministerio de Ambiente, permiti\u00f3 conocer el objetivo de los estudios de impacto ambiental, que involucra tala de \u00e1rboles y el requisito de compensaci\u00f3n con planes de reforestaci\u00f3n, indic\u00f3 Dagma Barnett, de Gesti\u00f3n Ambiental de la Capac. <\/p>\n<p>Las empresas e instituciones participantes en el taller aplicar\u00e1n lo aprendido y podr\u00e1n contribuir a crear una cultura responsable con el ambiente y mitigar los efectos del cambio clim\u00e1tico. <\/p>\n<p>En solo cincuenta a\u00f1os, Panam\u00e1 ha perdido 1.8 millones de hect\u00e1reas de bosques; es decir, un 25% del territorio nacional. <\/p>\n<p>\u00a0\u00a0\u00a0\u00a0\u00a0\u00a0\u00a0\u00a0\u00a0\u00a0\u00a0\u00a0\u00a0\u00a0\u00a0 <\/p>\n","protected":false},"excerpt":{"rendered":"<p>Panam\u00e1 debe trazarse como meta disminuir la tasa de deforestaci\u00f3n, <a href=\"https:\/\/sertv.gob.pa\/crisolfm\/seminario-sobre-planes-de-reforestacion-y-arborizacion\/\"> [&#8230;]<\/a><\/p>\n","protected":false},"author":1,"featured_media":5301,"comment_status":"closed","ping_status":"closed","sticky":false,"template":"","format":"standard","meta":{"footnotes":""},"categories":[7],"tags":[],"class_list":["post-5300","post","type-post","status-publish","format-standard","has-post-thumbnail","hentry","category-ecologicas"],"_links":{"self":[{"href":"https:\/\/sertv.gob.pa\/crisolfm\/wp-json\/wp\/v2\/posts\/5300","targetHints":{"allow":["GET"]}}],"collection":[{"href":"https:\/\/sertv.gob.pa\/crisolfm\/wp-json\/wp\/v2\/posts"}],"about":[{"href":"https:\/\/sertv.gob.pa\/crisolfm\/wp-json\/wp\/v2\/types\/post"}],"author":[{"embeddable":true,"href":"https:\/\/sertv.gob.pa\/crisolfm\/wp-json\/wp\/v2\/users\/1"}],"replies":[{"embeddable":true,"href":"https:\/\/sertv.gob.pa\/crisolfm\/wp-json\/wp\/v2\/comments?post=5300"}],"version-history":[{"count":0,"href":"https:\/\/sertv.gob.pa\/crisolfm\/wp-json\/wp\/v2\/posts\/5300\/revisions"}],"wp:featuredmedia":[{"embeddable":true,"href":"https:\/\/sertv.gob.pa\/crisolfm\/wp-json\/wp\/v2\/media\/5301"}],"wp:attachment":[{"href":"https:\/\/sertv.gob.pa\/crisolfm\/wp-json\/wp\/v2\/media?parent=5300"}],"wp:term":[{"taxonomy":"category","embeddable":true,"href":"https:\/\/sertv.gob.pa\/crisolfm\/wp-json\/wp\/v2\/categories?post=5300"},{"taxonomy":"post_tag","embeddable":true,"href":"https:\/\/sertv.gob.pa\/crisolfm\/wp-json\/wp\/v2\/tags?post=5300"}],"curies":[{"name":"wp","href":"https:\/\/api.w.org\/{rel}","templated":true}]}}