{"id":5304,"date":"2016-05-24T15:21:36","date_gmt":"2016-05-24T15:21:36","guid":{"rendered":""},"modified":"2016-05-24T15:21:36","modified_gmt":"2016-05-24T15:21:36","slug":"lluvias-y-actividad-electrica-por-paso-de-onda-tropical","status":"publish","type":"post","link":"https:\/\/sertv.gob.pa\/crisolfm\/lluvias-y-actividad-electrica-por-paso-de-onda-tropical\/","title":{"rendered":"Lluvias y actividad el\u00e9ctrica por paso de onda tropical"},"content":{"rendered":"<p>\nPara hoy martes, 24 de mayo de 2016, se emiti\u00f3 un aviso de prevenci\u00f3n por lluvias, debido al paso de una  onda tropical \u00a0en el pa\u00eds. \u00a0 <\/p>\n<p>En los radares se observan celdas de nubes de tormentas dispersas de \u00abmoderada a fuerte\u00bb intensidad sobre Dari\u00e9n y Guna Yala, inform\u00f3 la Empresa de Transmisi\u00f3n El\u00e9ctrica, S.A., en conjunto con el Sistema Nacional de Protecci\u00f3n Civil (Sinaproc). \u00a0 <\/p>\n<p>Seg\u00fan el aviso, se espera que la onda llegue a la ciudad de Panam\u00e1 antes del mediod\u00eda, generando condiciones de lluvias, acompa\u00f1adas de actividad el\u00e9ctrica y posible r\u00e1fagas de vientos.\u00a0 <\/p>\n<p>La oficina de vigilancia y pron\u00f3stico de Etesa est\u00e1 monitoreando dicho fen\u00f3meno en coordinaci\u00f3n con el Sinaproc.\u00a0 <\/p>\n<p>\u00a0 <\/p>\n<p>\u00a0 <\/p>\n","protected":false},"excerpt":{"rendered":"<p>Para hoy martes, 24 de mayo de 2016, se emiti\u00f3 <a href=\"https:\/\/sertv.gob.pa\/crisolfm\/lluvias-y-actividad-electrica-por-paso-de-onda-tropical\/\"> [&#8230;]<\/a><\/p>\n","protected":false},"author":1,"featured_media":5305,"comment_status":"closed","ping_status":"closed","sticky":false,"template":"","format":"standard","meta":{"footnotes":""},"categories":[7],"tags":[],"class_list":["post-5304","post","type-post","status-publish","format-standard","has-post-thumbnail","hentry","category-ecologicas"],"_links":{"self":[{"href":"https:\/\/sertv.gob.pa\/crisolfm\/wp-json\/wp\/v2\/posts\/5304","targetHints":{"allow":["GET"]}}],"collection":[{"href":"https:\/\/sertv.gob.pa\/crisolfm\/wp-json\/wp\/v2\/posts"}],"about":[{"href":"https:\/\/sertv.gob.pa\/crisolfm\/wp-json\/wp\/v2\/types\/post"}],"author":[{"embeddable":true,"href":"https:\/\/sertv.gob.pa\/crisolfm\/wp-json\/wp\/v2\/users\/1"}],"replies":[{"embeddable":true,"href":"https:\/\/sertv.gob.pa\/crisolfm\/wp-json\/wp\/v2\/comments?post=5304"}],"version-history":[{"count":0,"href":"https:\/\/sertv.gob.pa\/crisolfm\/wp-json\/wp\/v2\/posts\/5304\/revisions"}],"wp:featuredmedia":[{"embeddable":true,"href":"https:\/\/sertv.gob.pa\/crisolfm\/wp-json\/wp\/v2\/media\/5305"}],"wp:attachment":[{"href":"https:\/\/sertv.gob.pa\/crisolfm\/wp-json\/wp\/v2\/media?parent=5304"}],"wp:term":[{"taxonomy":"category","embeddable":true,"href":"https:\/\/sertv.gob.pa\/crisolfm\/wp-json\/wp\/v2\/categories?post=5304"},{"taxonomy":"post_tag","embeddable":true,"href":"https:\/\/sertv.gob.pa\/crisolfm\/wp-json\/wp\/v2\/tags?post=5304"}],"curies":[{"name":"wp","href":"https:\/\/api.w.org\/{rel}","templated":true}]}}