{"id":5346,"date":"2016-05-27T15:47:56","date_gmt":"2016-05-27T15:47:56","guid":{"rendered":""},"modified":"2016-05-27T15:47:56","modified_gmt":"2016-05-27T15:47:56","slug":"162-personas-afectadas-por-paso-de-fenomeno-gustnado","status":"publish","type":"post","link":"https:\/\/sertv.gob.pa\/crisolfm\/162-personas-afectadas-por-paso-de-fenomeno-gustnado\/","title":{"rendered":"162 personas afectadas por paso de fen\u00f3meno Gustnado"},"content":{"rendered":"<p>\nUnas 15 casas con desprendimiento total de sus techos y\u00a0otras 22 por da\u00f1os parciales producto de los fuertes vientos fue el saldo del fen\u00f3meno conocido como Gustnado, que afect\u00f3 la tarde del jueves 26 de mayo de 2016 los sectores de Las Ma\u00f1anitas y Tocumen. \u00a0 <\/p>\n<p>Seg\u00fan informes del Sistema Nacional de Protecci\u00f3n Civil (Sinaproc), 162 personas fueron afectadas por el fen\u00f3meno atmosf\u00e9rico. \u00a0Adem\u00e1s, se report\u00f3 la ca\u00edda de 30 \u00e1rboles. \u00a0 <\/p>\n<p>Jos\u00e9 Donderis, director general del Sinaproc, inform\u00f3 que los trabajos de reparaci\u00f3n en estructuras ser\u00e1n reanudados este viernes para, entre otras cosas, restablecer los servicios de energ\u00eda el\u00e9ctrica y agua potable. El funcionario reiter\u00f3 que todos los afectados por esta situaci\u00f3n recibir\u00e1n asistencia humanitaria.\u00a0 <\/p>\n<p>Donderis\u00a0hizo un llamado a la poblaci\u00f3n a que est\u00e9 preparada para estos eventos atmosf\u00e9ricos, a ra\u00edz de la temporada lluviosa.\u00a0 <\/p>\n<p>\u00a0 <\/p>\n<p>\u00a0 <\/p>\n","protected":false},"excerpt":{"rendered":"<p>Unas 15 casas con desprendimiento total de sus techos y\u00a0otras <a href=\"https:\/\/sertv.gob.pa\/crisolfm\/162-personas-afectadas-por-paso-de-fenomeno-gustnado\/\"> [&#8230;]<\/a><\/p>\n","protected":false},"author":1,"featured_media":5347,"comment_status":"closed","ping_status":"closed","sticky":false,"template":"","format":"standard","meta":{"footnotes":""},"categories":[7],"tags":[],"class_list":["post-5346","post","type-post","status-publish","format-standard","has-post-thumbnail","hentry","category-ecologicas"],"_links":{"self":[{"href":"https:\/\/sertv.gob.pa\/crisolfm\/wp-json\/wp\/v2\/posts\/5346","targetHints":{"allow":["GET"]}}],"collection":[{"href":"https:\/\/sertv.gob.pa\/crisolfm\/wp-json\/wp\/v2\/posts"}],"about":[{"href":"https:\/\/sertv.gob.pa\/crisolfm\/wp-json\/wp\/v2\/types\/post"}],"author":[{"embeddable":true,"href":"https:\/\/sertv.gob.pa\/crisolfm\/wp-json\/wp\/v2\/users\/1"}],"replies":[{"embeddable":true,"href":"https:\/\/sertv.gob.pa\/crisolfm\/wp-json\/wp\/v2\/comments?post=5346"}],"version-history":[{"count":0,"href":"https:\/\/sertv.gob.pa\/crisolfm\/wp-json\/wp\/v2\/posts\/5346\/revisions"}],"wp:featuredmedia":[{"embeddable":true,"href":"https:\/\/sertv.gob.pa\/crisolfm\/wp-json\/wp\/v2\/media\/5347"}],"wp:attachment":[{"href":"https:\/\/sertv.gob.pa\/crisolfm\/wp-json\/wp\/v2\/media?parent=5346"}],"wp:term":[{"taxonomy":"category","embeddable":true,"href":"https:\/\/sertv.gob.pa\/crisolfm\/wp-json\/wp\/v2\/categories?post=5346"},{"taxonomy":"post_tag","embeddable":true,"href":"https:\/\/sertv.gob.pa\/crisolfm\/wp-json\/wp\/v2\/tags?post=5346"}],"curies":[{"name":"wp","href":"https:\/\/api.w.org\/{rel}","templated":true}]}}