{"id":5356,"date":"2016-05-30T15:20:12","date_gmt":"2016-05-30T15:20:12","guid":{"rendered":""},"modified":"2016-05-30T15:20:12","modified_gmt":"2016-05-30T15:20:12","slug":"acuerdo-que-derogaba-el-area-protegida-del-cerro-canajagua-es-vetado","status":"publish","type":"post","link":"https:\/\/sertv.gob.pa\/crisolfm\/acuerdo-que-derogaba-el-area-protegida-del-cerro-canajagua-es-vetado\/","title":{"rendered":"Acuerdo que derogaba el \u00e1rea protegida del Cerro Canajagua es vetado"},"content":{"rendered":"<p>\nEste lunes 30 de mayo, el alcalde del distrito de Las Tablas, No\u00e9 Iv\u00e1n Herrera, present\u00f3 oficialmente el informe del veto al acuerdo municipal No. 49, que derogaba el \u00e1rea protegida del cerro Canajagua. <\/p>\n<p>Herrera manifest\u00f3 que inmediatamente se firme se presentar\u00e1 al Consejo Municipal de Las Tablas, en donde seg\u00fan el presidente de Consejo Provincial de Coordinaci\u00f3n, Edwin Lewis, no se continuar\u00e1 con su tramitaci\u00f3n.\u00a0Por lo que seguir\u00e1 vigente el Acuerdo Municipal No. 22 del 31 de julio de 1990 que declaraba zona protegida y parque nacional al Cerro Canajagua. <\/p>\n<p>Una de las sustentaciones de Herrara para el veto es que el acuerdo, que derogaba el \u00e1rea protegida del Canajagua, es inconveniente. <\/p>\n<p>El alcalde record\u00f3 adem\u00e1s que la zona protegida ha sido un pilar y un gran paso en materia de protecci\u00f3n ambiental en la provincia de Los Santos. <\/p>\n<p>\u00a0 <\/p>\n<p>\u00a0 <\/p>\n","protected":false},"excerpt":{"rendered":"<p>Este lunes 30 de mayo, el alcalde del distrito de <a href=\"https:\/\/sertv.gob.pa\/crisolfm\/acuerdo-que-derogaba-el-area-protegida-del-cerro-canajagua-es-vetado\/\"> [&#8230;]<\/a><\/p>\n","protected":false},"author":1,"featured_media":5357,"comment_status":"closed","ping_status":"closed","sticky":false,"template":"","format":"standard","meta":{"footnotes":""},"categories":[7],"tags":[],"class_list":["post-5356","post","type-post","status-publish","format-standard","has-post-thumbnail","hentry","category-ecologicas"],"_links":{"self":[{"href":"https:\/\/sertv.gob.pa\/crisolfm\/wp-json\/wp\/v2\/posts\/5356","targetHints":{"allow":["GET"]}}],"collection":[{"href":"https:\/\/sertv.gob.pa\/crisolfm\/wp-json\/wp\/v2\/posts"}],"about":[{"href":"https:\/\/sertv.gob.pa\/crisolfm\/wp-json\/wp\/v2\/types\/post"}],"author":[{"embeddable":true,"href":"https:\/\/sertv.gob.pa\/crisolfm\/wp-json\/wp\/v2\/users\/1"}],"replies":[{"embeddable":true,"href":"https:\/\/sertv.gob.pa\/crisolfm\/wp-json\/wp\/v2\/comments?post=5356"}],"version-history":[{"count":0,"href":"https:\/\/sertv.gob.pa\/crisolfm\/wp-json\/wp\/v2\/posts\/5356\/revisions"}],"wp:featuredmedia":[{"embeddable":true,"href":"https:\/\/sertv.gob.pa\/crisolfm\/wp-json\/wp\/v2\/media\/5357"}],"wp:attachment":[{"href":"https:\/\/sertv.gob.pa\/crisolfm\/wp-json\/wp\/v2\/media?parent=5356"}],"wp:term":[{"taxonomy":"category","embeddable":true,"href":"https:\/\/sertv.gob.pa\/crisolfm\/wp-json\/wp\/v2\/categories?post=5356"},{"taxonomy":"post_tag","embeddable":true,"href":"https:\/\/sertv.gob.pa\/crisolfm\/wp-json\/wp\/v2\/tags?post=5356"}],"curies":[{"name":"wp","href":"https:\/\/api.w.org\/{rel}","templated":true}]}}