{"id":5374,"date":"2016-05-31T15:43:40","date_gmt":"2016-05-31T15:43:40","guid":{"rendered":""},"modified":"2016-05-31T15:43:40","modified_gmt":"2016-05-31T15:43:40","slug":"depresion-tropical-bonnie-se-debilita","status":"publish","type":"post","link":"https:\/\/sertv.gob.pa\/crisolfm\/depresion-tropical-bonnie-se-debilita\/","title":{"rendered":"Depresi\u00f3n tropical Bonnie se debilita"},"content":{"rendered":"<p>\nLa depresi\u00f3n tropical Bonnie se debilit\u00f3 durante la tarde del lunes, pero sus remanentes mantuvieron su amenaza con fuertes lluvias y algunas inundaciones en las Carolinas, seg\u00fan indic\u00f3 el Centro Nacional de Huracanes (CNH) de Estados Unidos, con sede en Miami. <\/p>\n<p>&lsquo;A\u00fan hay la posibilidad de que Bonnie genere fuertes precipitaciones y algunas inundaciones en partes de las Carolinas durante los pr\u00f3ximos dos a tres d\u00edas&#8217;, manifest\u00f3 el CNH. <\/p>\n<p>Entre tanto, las autoridades locales han solicitado precauci\u00f3n a los ba\u00f1istas debido a las &lsquo;peligrosas&#8217; corrientes marinas que pueden provocar los remanentes de Bonnie, cuando se celebra en el pa\u00eds el festivo de Memorial Day (D\u00eda de los ca\u00eddos). <\/p>\n<p>Bonnie es el segundo sistema que se forma antes de que comience la temporada de huracanes en la cuenca atl\u00e1ntica, que iniciar\u00e1 oficialmente este mi\u00e9rcoles y se extender\u00e1 por seis meses. <\/p>\n<p>A mediados de enero pasado, se form\u00f3 el hurac\u00e1n Alex, que lleg\u00f3 a categor\u00eda 2 en la escala de intensidad de Saffir-Simpson, de un m\u00e1ximo de 5, y se degrad\u00f3 r\u00e1pidamente a tormenta tropical luego de tocar tierra en el archipi\u00e9lago de las Azores. <\/p>\n<p>\u00a0 <\/p>\n","protected":false},"excerpt":{"rendered":"<p>La depresi\u00f3n tropical Bonnie se debilit\u00f3 durante la tarde del <a href=\"https:\/\/sertv.gob.pa\/crisolfm\/depresion-tropical-bonnie-se-debilita\/\"> [&#8230;]<\/a><\/p>\n","protected":false},"author":1,"featured_media":5375,"comment_status":"closed","ping_status":"closed","sticky":false,"template":"","format":"standard","meta":{"footnotes":""},"categories":[7],"tags":[],"class_list":["post-5374","post","type-post","status-publish","format-standard","has-post-thumbnail","hentry","category-ecologicas"],"_links":{"self":[{"href":"https:\/\/sertv.gob.pa\/crisolfm\/wp-json\/wp\/v2\/posts\/5374","targetHints":{"allow":["GET"]}}],"collection":[{"href":"https:\/\/sertv.gob.pa\/crisolfm\/wp-json\/wp\/v2\/posts"}],"about":[{"href":"https:\/\/sertv.gob.pa\/crisolfm\/wp-json\/wp\/v2\/types\/post"}],"author":[{"embeddable":true,"href":"https:\/\/sertv.gob.pa\/crisolfm\/wp-json\/wp\/v2\/users\/1"}],"replies":[{"embeddable":true,"href":"https:\/\/sertv.gob.pa\/crisolfm\/wp-json\/wp\/v2\/comments?post=5374"}],"version-history":[{"count":0,"href":"https:\/\/sertv.gob.pa\/crisolfm\/wp-json\/wp\/v2\/posts\/5374\/revisions"}],"wp:featuredmedia":[{"embeddable":true,"href":"https:\/\/sertv.gob.pa\/crisolfm\/wp-json\/wp\/v2\/media\/5375"}],"wp:attachment":[{"href":"https:\/\/sertv.gob.pa\/crisolfm\/wp-json\/wp\/v2\/media?parent=5374"}],"wp:term":[{"taxonomy":"category","embeddable":true,"href":"https:\/\/sertv.gob.pa\/crisolfm\/wp-json\/wp\/v2\/categories?post=5374"},{"taxonomy":"post_tag","embeddable":true,"href":"https:\/\/sertv.gob.pa\/crisolfm\/wp-json\/wp\/v2\/tags?post=5374"}],"curies":[{"name":"wp","href":"https:\/\/api.w.org\/{rel}","templated":true}]}}