{"id":5402,"date":"2016-06-02T18:41:13","date_gmt":"2016-06-02T18:41:13","guid":{"rendered":""},"modified":"2016-06-02T18:41:13","modified_gmt":"2016-06-02T18:41:13","slug":"en-uso-de-drones-capacitan-a-indigenas","status":"publish","type":"post","link":"https:\/\/sertv.gob.pa\/crisolfm\/en-uso-de-drones-capacitan-a-indigenas\/","title":{"rendered":"En uso de drones capacitan a ind\u00edgenas"},"content":{"rendered":"<p>\nUn grupo de ind\u00edgenas de Panam\u00e1 se capacitaron en manejo de drones para detectar las amenazas en los ecosistemas del bosque. <\/p>\n<p>La inducci\u00f3n forma parte del proyecto de monitoreo comunitario de bosques en territorios ind\u00edgenas, que tiene como prop\u00f3sito generar informaci\u00f3n para mejorar su gesti\u00f3n, inform\u00f3 la FAO. <\/p>\n<p>&lsquo;La generaci\u00f3n de informaci\u00f3n para elaborar estrategias de gesti\u00f3n y conservaci\u00f3n de los bosques en territorios ind\u00edgenas y para la formulaci\u00f3n de la estrategia nacional de reducci\u00f3n de emisiones de gases de efecto invernadero ocasionadas por la deforestaci\u00f3n y degradaci\u00f3n de los bosques es uno de los principales aportes del monitoreo forestal&#8217;, indic\u00f3 Tito D\u00edaz, de la FAO para Mesoam\u00e9rica. <\/p>\n<p>Eliseo Quintero, de la comarca Ng\u00e4be-Bugl\u00e9, agreg\u00f3 que la participaci\u00f3n de distintos actores y organizaciones es clave para el cuidado de los recursos naturales, pues los efectos del cambio clim\u00e1tico &lsquo;los padecemos todos&#8217;. <\/p>\n<p>\u00a0 <\/p>\n","protected":false},"excerpt":{"rendered":"<p>Un grupo de ind\u00edgenas de Panam\u00e1 se capacitaron en manejo <a href=\"https:\/\/sertv.gob.pa\/crisolfm\/en-uso-de-drones-capacitan-a-indigenas\/\"> [&#8230;]<\/a><\/p>\n","protected":false},"author":1,"featured_media":5403,"comment_status":"closed","ping_status":"closed","sticky":false,"template":"","format":"standard","meta":{"footnotes":""},"categories":[7],"tags":[],"class_list":["post-5402","post","type-post","status-publish","format-standard","has-post-thumbnail","hentry","category-ecologicas"],"_links":{"self":[{"href":"https:\/\/sertv.gob.pa\/crisolfm\/wp-json\/wp\/v2\/posts\/5402","targetHints":{"allow":["GET"]}}],"collection":[{"href":"https:\/\/sertv.gob.pa\/crisolfm\/wp-json\/wp\/v2\/posts"}],"about":[{"href":"https:\/\/sertv.gob.pa\/crisolfm\/wp-json\/wp\/v2\/types\/post"}],"author":[{"embeddable":true,"href":"https:\/\/sertv.gob.pa\/crisolfm\/wp-json\/wp\/v2\/users\/1"}],"replies":[{"embeddable":true,"href":"https:\/\/sertv.gob.pa\/crisolfm\/wp-json\/wp\/v2\/comments?post=5402"}],"version-history":[{"count":0,"href":"https:\/\/sertv.gob.pa\/crisolfm\/wp-json\/wp\/v2\/posts\/5402\/revisions"}],"wp:featuredmedia":[{"embeddable":true,"href":"https:\/\/sertv.gob.pa\/crisolfm\/wp-json\/wp\/v2\/media\/5403"}],"wp:attachment":[{"href":"https:\/\/sertv.gob.pa\/crisolfm\/wp-json\/wp\/v2\/media?parent=5402"}],"wp:term":[{"taxonomy":"category","embeddable":true,"href":"https:\/\/sertv.gob.pa\/crisolfm\/wp-json\/wp\/v2\/categories?post=5402"},{"taxonomy":"post_tag","embeddable":true,"href":"https:\/\/sertv.gob.pa\/crisolfm\/wp-json\/wp\/v2\/tags?post=5402"}],"curies":[{"name":"wp","href":"https:\/\/api.w.org\/{rel}","templated":true}]}}