{"id":5408,"date":"2016-06-03T15:56:49","date_gmt":"2016-06-03T15:56:49","guid":{"rendered":""},"modified":"2016-06-03T15:56:49","modified_gmt":"2016-06-03T15:56:49","slug":"en-paris-crecida-del-sena-alcanza-los-6-metros","status":"publish","type":"post","link":"https:\/\/sertv.gob.pa\/crisolfm\/en-paris-crecida-del-sena-alcanza-los-6-metros\/","title":{"rendered":"En Par\u00eds crecida del Sena alcanza los 6 metros"},"content":{"rendered":"<p>\nEl nivel del Sena lleg\u00f3 a los seis metros este viernes 3 de junio y podr\u00eda alcanzar 6.50 metros durante el m\u00e1ximo de la crecida esperado por la tarde, se\u00f1al\u00f3 \u00a0el ministerio franc\u00e9s de Medio Ambiente. <\/p>\n<p>\u00abEl m\u00e1ximo de la crecida en Par\u00eds est\u00e1 previsto esta tarde en torno a 6.30 metros, incluso 6.50 m, en las hip\u00f3tesis m\u00e1s desfavorables. Se tratar\u00e1 m\u00e1s bien de un estancamiento que de un m\u00e1ximo, pues este alto nivel permanecer\u00e1 relativamente estable durante todo el fin de semana antes de comenzar la decrecida\u00bb indica el ministerio en un comunicado. <\/p>\n<p>Estos niveles superar\u00e1n los alcanzados en Par\u00eds en el a\u00f1o 1982 (6.15 m). <\/p>\n<p>\u00a0 <\/p>\n<p>\u00a0 <\/p>\n","protected":false},"excerpt":{"rendered":"<p>El nivel del Sena lleg\u00f3 a los seis metros este <a href=\"https:\/\/sertv.gob.pa\/crisolfm\/en-paris-crecida-del-sena-alcanza-los-6-metros\/\"> [&#8230;]<\/a><\/p>\n","protected":false},"author":1,"featured_media":5409,"comment_status":"closed","ping_status":"closed","sticky":false,"template":"","format":"standard","meta":{"footnotes":""},"categories":[7],"tags":[],"class_list":["post-5408","post","type-post","status-publish","format-standard","has-post-thumbnail","hentry","category-ecologicas"],"_links":{"self":[{"href":"https:\/\/sertv.gob.pa\/crisolfm\/wp-json\/wp\/v2\/posts\/5408","targetHints":{"allow":["GET"]}}],"collection":[{"href":"https:\/\/sertv.gob.pa\/crisolfm\/wp-json\/wp\/v2\/posts"}],"about":[{"href":"https:\/\/sertv.gob.pa\/crisolfm\/wp-json\/wp\/v2\/types\/post"}],"author":[{"embeddable":true,"href":"https:\/\/sertv.gob.pa\/crisolfm\/wp-json\/wp\/v2\/users\/1"}],"replies":[{"embeddable":true,"href":"https:\/\/sertv.gob.pa\/crisolfm\/wp-json\/wp\/v2\/comments?post=5408"}],"version-history":[{"count":0,"href":"https:\/\/sertv.gob.pa\/crisolfm\/wp-json\/wp\/v2\/posts\/5408\/revisions"}],"wp:featuredmedia":[{"embeddable":true,"href":"https:\/\/sertv.gob.pa\/crisolfm\/wp-json\/wp\/v2\/media\/5409"}],"wp:attachment":[{"href":"https:\/\/sertv.gob.pa\/crisolfm\/wp-json\/wp\/v2\/media?parent=5408"}],"wp:term":[{"taxonomy":"category","embeddable":true,"href":"https:\/\/sertv.gob.pa\/crisolfm\/wp-json\/wp\/v2\/categories?post=5408"},{"taxonomy":"post_tag","embeddable":true,"href":"https:\/\/sertv.gob.pa\/crisolfm\/wp-json\/wp\/v2\/tags?post=5408"}],"curies":[{"name":"wp","href":"https:\/\/api.w.org\/{rel}","templated":true}]}}