{"id":5418,"date":"2016-06-05T05:00:00","date_gmt":"2016-06-05T05:00:00","guid":{"rendered":""},"modified":"2016-06-05T05:00:00","modified_gmt":"2016-06-05T05:00:00","slug":"en-veraguas-incendios-de-masa-vegetal-son-dolor-de-cabeza","status":"publish","type":"post","link":"https:\/\/sertv.gob.pa\/crisolfm\/en-veraguas-incendios-de-masa-vegetal-son-dolor-de-cabeza\/","title":{"rendered":"En Veraguas incendios de masa vegetal son dolor de cabeza"},"content":{"rendered":"<p>\nLos incendios forestales y de herbazales son un dolor de cabeza para los bomberos de Veraguas, que efect\u00faan de 3 a 5 salidas diarias para atenderlos en \u00e1reas urbanas y rurales, manifest\u00f3 el coronel \u00a0Eduardo Chen, \u00a0jefe de los &ldquo;camisas rojas&rdquo; en esta \u00a0provincia central. <\/p>\n","protected":false},"excerpt":{"rendered":"<p>Los incendios forestales y de herbazales son un dolor de <a href=\"https:\/\/sertv.gob.pa\/crisolfm\/en-veraguas-incendios-de-masa-vegetal-son-dolor-de-cabeza\/\"> [&#8230;]<\/a><\/p>\n","protected":false},"author":1,"featured_media":5419,"comment_status":"closed","ping_status":"closed","sticky":false,"template":"","format":"standard","meta":{"footnotes":""},"categories":[7],"tags":[],"class_list":["post-5418","post","type-post","status-publish","format-standard","has-post-thumbnail","hentry","category-ecologicas"],"_links":{"self":[{"href":"https:\/\/sertv.gob.pa\/crisolfm\/wp-json\/wp\/v2\/posts\/5418","targetHints":{"allow":["GET"]}}],"collection":[{"href":"https:\/\/sertv.gob.pa\/crisolfm\/wp-json\/wp\/v2\/posts"}],"about":[{"href":"https:\/\/sertv.gob.pa\/crisolfm\/wp-json\/wp\/v2\/types\/post"}],"author":[{"embeddable":true,"href":"https:\/\/sertv.gob.pa\/crisolfm\/wp-json\/wp\/v2\/users\/1"}],"replies":[{"embeddable":true,"href":"https:\/\/sertv.gob.pa\/crisolfm\/wp-json\/wp\/v2\/comments?post=5418"}],"version-history":[{"count":0,"href":"https:\/\/sertv.gob.pa\/crisolfm\/wp-json\/wp\/v2\/posts\/5418\/revisions"}],"wp:featuredmedia":[{"embeddable":true,"href":"https:\/\/sertv.gob.pa\/crisolfm\/wp-json\/wp\/v2\/media\/5419"}],"wp:attachment":[{"href":"https:\/\/sertv.gob.pa\/crisolfm\/wp-json\/wp\/v2\/media?parent=5418"}],"wp:term":[{"taxonomy":"category","embeddable":true,"href":"https:\/\/sertv.gob.pa\/crisolfm\/wp-json\/wp\/v2\/categories?post=5418"},{"taxonomy":"post_tag","embeddable":true,"href":"https:\/\/sertv.gob.pa\/crisolfm\/wp-json\/wp\/v2\/tags?post=5418"}],"curies":[{"name":"wp","href":"https:\/\/api.w.org\/{rel}","templated":true}]}}