{"id":5428,"date":"2016-06-06T16:32:34","date_gmt":"2016-06-06T16:32:34","guid":{"rendered":""},"modified":"2016-06-06T16:32:34","modified_gmt":"2016-06-06T16:32:34","slug":"en-el-dia-del-medio-ambiente-onu-pide-detener-la-caza-ilegal","status":"publish","type":"post","link":"https:\/\/sertv.gob.pa\/crisolfm\/en-el-dia-del-medio-ambiente-onu-pide-detener-la-caza-ilegal\/","title":{"rendered":"En el D\u00eda del Medio Ambiente, ONU pide detener la caza ilegal"},"content":{"rendered":"<p>\nLa comunidad internacional celebra el D\u00eda Mundial del Medio Ambiente, el d\u00eda domingo 5 de junio, solicitando un alto a la caza ilegal de las especies a nivel global y a tomar medidas que permitan preservar el patrimonio natural. <\/p>\n<p>Este a\u00f1o, con el lema &lsquo;Vu\u00e9lvete salvaje por la vida&#8217;,\u00a0la Organizaci\u00f3n de las Naciones Unidas (ONU), que coordina la celebraci\u00f3n, pide atacar el comercio il\u00edcito de fauna y flora silvestre, ya que este delito adem\u00e1s de acabar con el colorido y verdor de la biodiversidad, igualmente pone en peligro la supervivencia de muchas otras especies, incluyendo a los seres humanos. <\/p>\n<p>En todo el mundo, entre las especies m\u00e1s afectadas est\u00e1n los elefantes, codiciados por su marfil; los rinocerontes por sus cuernos y los pangolines por sus escamas. Este listado alcanza tambi\u00e9n a las tortugas de mar, las orqu\u00eddeas silvestres, las maderas como palo de rosa; las aves y otras tantas especies m\u00e1s. <\/p>\n<p>Datos de BirdLife International revelan que s\u00f3lo el comercio ilegal de mascotas en el Mediterr\u00e1neo afecta a m\u00e1s de 450 especies de aves. <\/p>\n<p>Informes de la ONU indican que el comercio y la caza ilegal de fauna y flora silvestre es una alarma que debe ser atendida urgentemente, ya que muchos animales cada vez m\u00e1s son presas cada d\u00eda por la ambici\u00f3n desmedida de estos devoradores (personas y empresas apadrinadas incluso hasta por el crimen organizado), y est\u00e1n incluso en peligro de extinci\u00f3n. <\/p>\n<p>\u00a0 <\/p>\n<p>\u00a0 <\/p>\n","protected":false},"excerpt":{"rendered":"<p>La comunidad internacional celebra el D\u00eda Mundial del Medio Ambiente, <a href=\"https:\/\/sertv.gob.pa\/crisolfm\/en-el-dia-del-medio-ambiente-onu-pide-detener-la-caza-ilegal\/\"> [&#8230;]<\/a><\/p>\n","protected":false},"author":1,"featured_media":5429,"comment_status":"closed","ping_status":"closed","sticky":false,"template":"","format":"standard","meta":{"footnotes":""},"categories":[7],"tags":[],"class_list":["post-5428","post","type-post","status-publish","format-standard","has-post-thumbnail","hentry","category-ecologicas"],"_links":{"self":[{"href":"https:\/\/sertv.gob.pa\/crisolfm\/wp-json\/wp\/v2\/posts\/5428","targetHints":{"allow":["GET"]}}],"collection":[{"href":"https:\/\/sertv.gob.pa\/crisolfm\/wp-json\/wp\/v2\/posts"}],"about":[{"href":"https:\/\/sertv.gob.pa\/crisolfm\/wp-json\/wp\/v2\/types\/post"}],"author":[{"embeddable":true,"href":"https:\/\/sertv.gob.pa\/crisolfm\/wp-json\/wp\/v2\/users\/1"}],"replies":[{"embeddable":true,"href":"https:\/\/sertv.gob.pa\/crisolfm\/wp-json\/wp\/v2\/comments?post=5428"}],"version-history":[{"count":0,"href":"https:\/\/sertv.gob.pa\/crisolfm\/wp-json\/wp\/v2\/posts\/5428\/revisions"}],"wp:featuredmedia":[{"embeddable":true,"href":"https:\/\/sertv.gob.pa\/crisolfm\/wp-json\/wp\/v2\/media\/5429"}],"wp:attachment":[{"href":"https:\/\/sertv.gob.pa\/crisolfm\/wp-json\/wp\/v2\/media?parent=5428"}],"wp:term":[{"taxonomy":"category","embeddable":true,"href":"https:\/\/sertv.gob.pa\/crisolfm\/wp-json\/wp\/v2\/categories?post=5428"},{"taxonomy":"post_tag","embeddable":true,"href":"https:\/\/sertv.gob.pa\/crisolfm\/wp-json\/wp\/v2\/tags?post=5428"}],"curies":[{"name":"wp","href":"https:\/\/api.w.org\/{rel}","templated":true}]}}