{"id":5452,"date":"2016-06-08T15:41:46","date_gmt":"2016-06-08T15:41:46","guid":{"rendered":""},"modified":"2016-06-08T15:41:46","modified_gmt":"2016-06-08T15:41:46","slug":"la-meteorologia-en-el-hemisferio-norte-se-alterara-por-deshielo-artico","status":"publish","type":"post","link":"https:\/\/sertv.gob.pa\/crisolfm\/la-meteorologia-en-el-hemisferio-norte-se-alterara-por-deshielo-artico\/","title":{"rendered":"La meteorolog\u00eda en el hemisferio norte se alterar\u00e1 por deshielo \u00e1rtico"},"content":{"rendered":"<p>\nDe acuerdo a un informe elaborado por la Universidad de Exeter (Reino Unido) para Greenpeace Espa\u00f1a, la desaparici\u00f3n del hielo marino en el oc\u00e9ano \u00c1rtico alterar\u00e1 los patrones meteorol\u00f3gicos en latitudes medias del hemisferio norte. <\/p>\n<p>El estudio \u00abLo que pasa en el \u00c1rtico, no se queda en el \u00c1rtico\u00bb recopila la literatura cient\u00edfica existente sobre los efectos del deshielo \u00e1rtico en el clima planetario, y concluye que ser\u00e1n especialmente notables en latitudes medias del hemisferio norte. <\/p>\n<p>Los cambios de patrones previstos por los cient\u00edficos se manifestar\u00e1n en cambios notables en la trayectoria de las tormentas y a la corriente del chorro del hemisferio norte (el flujo de aire, que regula el clima en esta latitud). <\/p>\n<p>Seg\u00fan el informe proporcionado a Efe, esta influencia se producir\u00e1 \u00abde manera geogr\u00e1ficamente desigual\u00bb, por lo que los veranos podr\u00e1n ser secos y calientes en algunas zonas y, sin embargo, tener un efecto contrario en otras, donde los veranos ser\u00edan m\u00e1s h\u00famedos. <\/p>\n<p>Los cient\u00edficos advierten de que el bloqueo de las ondas planetarias atmosf\u00e9ricas ocasionado por el cambio clim\u00e1tico est\u00e1 dando lugar a lo que llaman \u00abpatrones clim\u00e1ticos atascados\u00bb, que causan un clima persistente en un lugar determinado, como que por ejemplo una tormenta perdure m\u00e1s de lo normal en el mismo sitio. <\/p>\n<p>\u00abNo parece haber ninguna duda de que el calentamiento en la regi\u00f3n del \u00c1rtico es un importante factor que afecta a los patrones meteorol\u00f3gicos de latitudes medias\u00bb, subraya Sara del R\u00edo, portavoz de Investigaci\u00f3n de Greenpeace. <\/p>\n<p>\u00a0 <\/p>\n<p>\u00a0 <\/p>\n","protected":false},"excerpt":{"rendered":"<p>De acuerdo a un informe elaborado por la Universidad de <a href=\"https:\/\/sertv.gob.pa\/crisolfm\/la-meteorologia-en-el-hemisferio-norte-se-alterara-por-deshielo-artico\/\"> [&#8230;]<\/a><\/p>\n","protected":false},"author":1,"featured_media":5453,"comment_status":"closed","ping_status":"closed","sticky":false,"template":"","format":"standard","meta":{"footnotes":""},"categories":[7],"tags":[],"class_list":["post-5452","post","type-post","status-publish","format-standard","has-post-thumbnail","hentry","category-ecologicas"],"_links":{"self":[{"href":"https:\/\/sertv.gob.pa\/crisolfm\/wp-json\/wp\/v2\/posts\/5452","targetHints":{"allow":["GET"]}}],"collection":[{"href":"https:\/\/sertv.gob.pa\/crisolfm\/wp-json\/wp\/v2\/posts"}],"about":[{"href":"https:\/\/sertv.gob.pa\/crisolfm\/wp-json\/wp\/v2\/types\/post"}],"author":[{"embeddable":true,"href":"https:\/\/sertv.gob.pa\/crisolfm\/wp-json\/wp\/v2\/users\/1"}],"replies":[{"embeddable":true,"href":"https:\/\/sertv.gob.pa\/crisolfm\/wp-json\/wp\/v2\/comments?post=5452"}],"version-history":[{"count":0,"href":"https:\/\/sertv.gob.pa\/crisolfm\/wp-json\/wp\/v2\/posts\/5452\/revisions"}],"wp:featuredmedia":[{"embeddable":true,"href":"https:\/\/sertv.gob.pa\/crisolfm\/wp-json\/wp\/v2\/media\/5453"}],"wp:attachment":[{"href":"https:\/\/sertv.gob.pa\/crisolfm\/wp-json\/wp\/v2\/media?parent=5452"}],"wp:term":[{"taxonomy":"category","embeddable":true,"href":"https:\/\/sertv.gob.pa\/crisolfm\/wp-json\/wp\/v2\/categories?post=5452"},{"taxonomy":"post_tag","embeddable":true,"href":"https:\/\/sertv.gob.pa\/crisolfm\/wp-json\/wp\/v2\/tags?post=5452"}],"curies":[{"name":"wp","href":"https:\/\/api.w.org\/{rel}","templated":true}]}}