{"id":5454,"date":"2016-06-08T15:50:29","date_gmt":"2016-06-08T15:50:29","guid":{"rendered":""},"modified":"2016-06-08T15:50:29","modified_gmt":"2016-06-08T15:50:29","slug":"tala-ilegal-en-tonosi-y-pocri-es-confirmada-por-la-policia","status":"publish","type":"post","link":"https:\/\/sertv.gob.pa\/crisolfm\/tala-ilegal-en-tonosi-y-pocri-es-confirmada-por-la-policia\/","title":{"rendered":"Tala ilegal en Tonos\u00ed y Pocr\u00ed es confirmada por la Polic\u00eda"},"content":{"rendered":"<p>\nLa Polic\u00eda Nacional de Los Santos confirm\u00f3 la madrugada de hoy mi\u00e9rcoles el hallazgo de una madera que fue talada ilegalmente en los distritos de Tonos\u00ed y Pocr\u00ed. <\/p>\n<p>Seg\u00fan los informes, la tala se realiz\u00f3 sin los respectivos permisos del Ministerio de Ambiente, por lo que esa instituci\u00f3n comenzar\u00e1 este mi\u00e9rcoles, 8 de junio, las investigaciones. <\/p>\n<p>Seg\u00fan dos reportes de la Polic\u00eda, sus agentes en un patrullaje por el sector de Lajamina, distrito de Pocr\u00ed, hallaron una retroexcavadora dentro de una finca ganadera derribando \u00e1rboles. <\/p>\n<p>En otro operativo simult\u00e1neo en el Valle de Tonos\u00ed detienen un veh\u00edculo con cinco troncos de madera que igualmente fueron talados ilegalmente. <\/p>\n<p>\u00a0 <\/p>\n","protected":false},"excerpt":{"rendered":"<p>La Polic\u00eda Nacional de Los Santos confirm\u00f3 la madrugada de <a href=\"https:\/\/sertv.gob.pa\/crisolfm\/tala-ilegal-en-tonosi-y-pocri-es-confirmada-por-la-policia\/\"> [&#8230;]<\/a><\/p>\n","protected":false},"author":1,"featured_media":5455,"comment_status":"closed","ping_status":"closed","sticky":false,"template":"","format":"standard","meta":{"footnotes":""},"categories":[7],"tags":[],"class_list":["post-5454","post","type-post","status-publish","format-standard","has-post-thumbnail","hentry","category-ecologicas"],"_links":{"self":[{"href":"https:\/\/sertv.gob.pa\/crisolfm\/wp-json\/wp\/v2\/posts\/5454","targetHints":{"allow":["GET"]}}],"collection":[{"href":"https:\/\/sertv.gob.pa\/crisolfm\/wp-json\/wp\/v2\/posts"}],"about":[{"href":"https:\/\/sertv.gob.pa\/crisolfm\/wp-json\/wp\/v2\/types\/post"}],"author":[{"embeddable":true,"href":"https:\/\/sertv.gob.pa\/crisolfm\/wp-json\/wp\/v2\/users\/1"}],"replies":[{"embeddable":true,"href":"https:\/\/sertv.gob.pa\/crisolfm\/wp-json\/wp\/v2\/comments?post=5454"}],"version-history":[{"count":0,"href":"https:\/\/sertv.gob.pa\/crisolfm\/wp-json\/wp\/v2\/posts\/5454\/revisions"}],"wp:featuredmedia":[{"embeddable":true,"href":"https:\/\/sertv.gob.pa\/crisolfm\/wp-json\/wp\/v2\/media\/5455"}],"wp:attachment":[{"href":"https:\/\/sertv.gob.pa\/crisolfm\/wp-json\/wp\/v2\/media?parent=5454"}],"wp:term":[{"taxonomy":"category","embeddable":true,"href":"https:\/\/sertv.gob.pa\/crisolfm\/wp-json\/wp\/v2\/categories?post=5454"},{"taxonomy":"post_tag","embeddable":true,"href":"https:\/\/sertv.gob.pa\/crisolfm\/wp-json\/wp\/v2\/tags?post=5454"}],"curies":[{"name":"wp","href":"https:\/\/api.w.org\/{rel}","templated":true}]}}