{"id":5460,"date":"2016-06-09T15:38:44","date_gmt":"2016-06-09T15:38:44","guid":{"rendered":""},"modified":"2016-06-09T15:38:44","modified_gmt":"2016-06-09T15:38:44","slug":"a-un-ritmo-alarmante-se-reduce-glaciar-chino","status":"publish","type":"post","link":"https:\/\/sertv.gob.pa\/crisolfm\/a-un-ritmo-alarmante-se-reduce-glaciar-chino\/","title":{"rendered":"A un ritmo alarmante se reduce glaciar chino"},"content":{"rendered":"<p>\nUno de los mayores glaciares que se localiza en el \u00e1rea de nacimiento del r\u00edo Yangtse en China se est\u00e1 reduciendo a un ritmo alarmante, advirtieron cient\u00edficos. <\/p>\n<p>El glaciar Jianggudiru, en la monta\u00f1a Geladaindong, se ha reducido 34 metros en los \u00faltimos seis a\u00f1os, dio a conocer el investigador Pu Jianchen del Instituto de Investigaci\u00f3n Ambiental e Ingenier\u00eda de Regiones Fr\u00edas y \u00c1ridas, de la Academia de Ciencias de China. <\/p>\n<p>El glaciar comenz\u00f3 a reducirse lentamente en la d\u00e9cada de los 70, pero revirti\u00f3 la tendencia y se expandi\u00f3 entre 1989 y 1994 antes de replegarse m\u00e1s r\u00e1pidamente a partir de 1995, expres\u00f3 el investigador chino. <\/p>\n<p>El presidente de la Asociaci\u00f3n de Protecci\u00f3n Ambiental R\u00edo Verde, Yang Xin, coment\u00f3 que el glaciar disminuy\u00f3 dos metros al a\u00f1o en las d\u00e9cadas de los 80 y 90, pero que en a\u00f1os recientes se contrajo alrededor de seis metros anualmente. <\/p>\n<p>&lsquo;\u00c9sta es una evidencia directa del cambio clim\u00e1tico global&#8217;, manifest\u00f3. Pu agreg\u00f3 que la reducci\u00f3n de glaciares puede a\u00f1adir volumen de agua a corto plazo pero puede reducir el flujo despu\u00e9s y eventualmente a largo plazo secar un r\u00edo. <\/p>\n<p>\u00a0 <\/p>\n","protected":false},"excerpt":{"rendered":"<p>Uno de los mayores glaciares que se localiza en el <a href=\"https:\/\/sertv.gob.pa\/crisolfm\/a-un-ritmo-alarmante-se-reduce-glaciar-chino\/\"> [&#8230;]<\/a><\/p>\n","protected":false},"author":1,"featured_media":5461,"comment_status":"closed","ping_status":"closed","sticky":false,"template":"","format":"standard","meta":{"footnotes":""},"categories":[7],"tags":[],"class_list":["post-5460","post","type-post","status-publish","format-standard","has-post-thumbnail","hentry","category-ecologicas"],"_links":{"self":[{"href":"https:\/\/sertv.gob.pa\/crisolfm\/wp-json\/wp\/v2\/posts\/5460","targetHints":{"allow":["GET"]}}],"collection":[{"href":"https:\/\/sertv.gob.pa\/crisolfm\/wp-json\/wp\/v2\/posts"}],"about":[{"href":"https:\/\/sertv.gob.pa\/crisolfm\/wp-json\/wp\/v2\/types\/post"}],"author":[{"embeddable":true,"href":"https:\/\/sertv.gob.pa\/crisolfm\/wp-json\/wp\/v2\/users\/1"}],"replies":[{"embeddable":true,"href":"https:\/\/sertv.gob.pa\/crisolfm\/wp-json\/wp\/v2\/comments?post=5460"}],"version-history":[{"count":0,"href":"https:\/\/sertv.gob.pa\/crisolfm\/wp-json\/wp\/v2\/posts\/5460\/revisions"}],"wp:featuredmedia":[{"embeddable":true,"href":"https:\/\/sertv.gob.pa\/crisolfm\/wp-json\/wp\/v2\/media\/5461"}],"wp:attachment":[{"href":"https:\/\/sertv.gob.pa\/crisolfm\/wp-json\/wp\/v2\/media?parent=5460"}],"wp:term":[{"taxonomy":"category","embeddable":true,"href":"https:\/\/sertv.gob.pa\/crisolfm\/wp-json\/wp\/v2\/categories?post=5460"},{"taxonomy":"post_tag","embeddable":true,"href":"https:\/\/sertv.gob.pa\/crisolfm\/wp-json\/wp\/v2\/tags?post=5460"}],"curies":[{"name":"wp","href":"https:\/\/api.w.org\/{rel}","templated":true}]}}