{"id":5470,"date":"2016-06-10T15:28:54","date_gmt":"2016-06-10T15:28:54","guid":{"rendered":""},"modified":"2016-06-10T15:28:54","modified_gmt":"2016-06-10T15:28:54","slug":"alerta-verde-por-grandes-olas-en-el-pacifico-panameno","status":"publish","type":"post","link":"https:\/\/sertv.gob.pa\/crisolfm\/alerta-verde-por-grandes-olas-en-el-pacifico-panameno\/","title":{"rendered":"Alerta verde por grandes olas en el Pac\u00edfico paname\u00f1o"},"content":{"rendered":"<p>\nEl Sistema Nacional de Protecci\u00f3n Civil (Sinaproc) declar\u00f3 una alerta verde debido a la presencia\u00a0de olas de 2.1 a 2.5 metros, con periodos de 20 segundos, en el sector Pac\u00edfico. \u00a0 <\/p>\n<p>Este fen\u00f3meno, conocido como mar de fondo,\u00a0se registrar\u00eda a\u00a0partir del s\u00e1bado 11 hasta el 17 de junio de 2016, seg\u00fan el informe de Hidrometeorolog\u00eda de ETESA. \u00a0 <\/p>\n<p>El director general de Sinaproc, Jos\u00e9 Donderis, inform\u00f3 que, seg\u00fan el an\u00e1lisis de los expertos, existen posibilidades de afectaciones en los sectores de Puerto Caimito (Panam\u00e1 Oeste), Playa Leona (Panam\u00e1 Oeste), El Salado de Aguadulce (Cocl\u00e9), Puerto Armuelles (Chiriqu\u00ed),\u00a0 Boca La Caja (Ciudad de Panam\u00e1), isla Gonzalo V\u00e1squez (Panam\u00e1), entre otras \u00e1reas cercanas a las costas del Pac\u00edfico. <\/p>\n<p>\u00a0 <\/p>\n","protected":false},"excerpt":{"rendered":"<p>El Sistema Nacional de Protecci\u00f3n Civil (Sinaproc) declar\u00f3 una alerta <a href=\"https:\/\/sertv.gob.pa\/crisolfm\/alerta-verde-por-grandes-olas-en-el-pacifico-panameno\/\"> [&#8230;]<\/a><\/p>\n","protected":false},"author":1,"featured_media":5471,"comment_status":"closed","ping_status":"closed","sticky":false,"template":"","format":"standard","meta":{"footnotes":""},"categories":[7],"tags":[],"class_list":["post-5470","post","type-post","status-publish","format-standard","has-post-thumbnail","hentry","category-ecologicas"],"_links":{"self":[{"href":"https:\/\/sertv.gob.pa\/crisolfm\/wp-json\/wp\/v2\/posts\/5470","targetHints":{"allow":["GET"]}}],"collection":[{"href":"https:\/\/sertv.gob.pa\/crisolfm\/wp-json\/wp\/v2\/posts"}],"about":[{"href":"https:\/\/sertv.gob.pa\/crisolfm\/wp-json\/wp\/v2\/types\/post"}],"author":[{"embeddable":true,"href":"https:\/\/sertv.gob.pa\/crisolfm\/wp-json\/wp\/v2\/users\/1"}],"replies":[{"embeddable":true,"href":"https:\/\/sertv.gob.pa\/crisolfm\/wp-json\/wp\/v2\/comments?post=5470"}],"version-history":[{"count":0,"href":"https:\/\/sertv.gob.pa\/crisolfm\/wp-json\/wp\/v2\/posts\/5470\/revisions"}],"wp:featuredmedia":[{"embeddable":true,"href":"https:\/\/sertv.gob.pa\/crisolfm\/wp-json\/wp\/v2\/media\/5471"}],"wp:attachment":[{"href":"https:\/\/sertv.gob.pa\/crisolfm\/wp-json\/wp\/v2\/media?parent=5470"}],"wp:term":[{"taxonomy":"category","embeddable":true,"href":"https:\/\/sertv.gob.pa\/crisolfm\/wp-json\/wp\/v2\/categories?post=5470"},{"taxonomy":"post_tag","embeddable":true,"href":"https:\/\/sertv.gob.pa\/crisolfm\/wp-json\/wp\/v2\/tags?post=5470"}],"curies":[{"name":"wp","href":"https:\/\/api.w.org\/{rel}","templated":true}]}}