{"id":5492,"date":"2016-06-13T16:21:53","date_gmt":"2016-06-13T16:21:53","guid":{"rendered":""},"modified":"2016-06-13T16:21:53","modified_gmt":"2016-06-13T16:21:53","slug":"avion-solar-aterriza-en-nueva-york","status":"publish","type":"post","link":"https:\/\/sertv.gob.pa\/crisolfm\/avion-solar-aterriza-en-nueva-york\/","title":{"rendered":"Avi\u00f3n solar aterriza en Nueva York"},"content":{"rendered":"<p>\nUn avi\u00f3n impulsado por energ\u00eda solar aterriz\u00f3 el s\u00e1bado en la ciudad de Nueva York, dentro del \u00faltimo tramo de su vuelta al mundo. <\/p>\n<p>El Solar Impulse 2, de fabricaci\u00f3n suiza, sobrevol\u00f3 la Estatua de la Libertad y la ciudad antes de aterrizar en el aeropuerto internacional John F. Kennedy el s\u00e1bado por la ma\u00f1ana. <\/p>\n<p>El avi\u00f3n hab\u00eda despegado el viernes por la tarde del aeropuerto internacional Lehigh Valley en Pennsylvania. <\/p>\n<p>En un principio, la aeronave ten\u00eda previsto llegar a la Gran Manzana el lunes, pero las lluvias y tormentas que atravesaban la zona la dejaron en tierra. <\/p>\n<p>El avi\u00f3n llevaba desde el 25 de mayo en Allentown. Su viaje empez\u00f3 en marzo de 2015 en Abu Dabi, capital de Emiratos \u00c1rabes Unidos. <\/p>\n<p>Ha hecho paradas en Om\u00e1n, Myanmar, China y Jap\u00f3n. <\/p>\n<p>\u00a0 <\/p>\n","protected":false},"excerpt":{"rendered":"<p>Un avi\u00f3n impulsado por energ\u00eda solar aterriz\u00f3 el s\u00e1bado en <a href=\"https:\/\/sertv.gob.pa\/crisolfm\/avion-solar-aterriza-en-nueva-york\/\"> [&#8230;]<\/a><\/p>\n","protected":false},"author":1,"featured_media":5493,"comment_status":"closed","ping_status":"closed","sticky":false,"template":"","format":"standard","meta":{"footnotes":""},"categories":[7],"tags":[],"class_list":["post-5492","post","type-post","status-publish","format-standard","has-post-thumbnail","hentry","category-ecologicas"],"_links":{"self":[{"href":"https:\/\/sertv.gob.pa\/crisolfm\/wp-json\/wp\/v2\/posts\/5492","targetHints":{"allow":["GET"]}}],"collection":[{"href":"https:\/\/sertv.gob.pa\/crisolfm\/wp-json\/wp\/v2\/posts"}],"about":[{"href":"https:\/\/sertv.gob.pa\/crisolfm\/wp-json\/wp\/v2\/types\/post"}],"author":[{"embeddable":true,"href":"https:\/\/sertv.gob.pa\/crisolfm\/wp-json\/wp\/v2\/users\/1"}],"replies":[{"embeddable":true,"href":"https:\/\/sertv.gob.pa\/crisolfm\/wp-json\/wp\/v2\/comments?post=5492"}],"version-history":[{"count":0,"href":"https:\/\/sertv.gob.pa\/crisolfm\/wp-json\/wp\/v2\/posts\/5492\/revisions"}],"wp:featuredmedia":[{"embeddable":true,"href":"https:\/\/sertv.gob.pa\/crisolfm\/wp-json\/wp\/v2\/media\/5493"}],"wp:attachment":[{"href":"https:\/\/sertv.gob.pa\/crisolfm\/wp-json\/wp\/v2\/media?parent=5492"}],"wp:term":[{"taxonomy":"category","embeddable":true,"href":"https:\/\/sertv.gob.pa\/crisolfm\/wp-json\/wp\/v2\/categories?post=5492"},{"taxonomy":"post_tag","embeddable":true,"href":"https:\/\/sertv.gob.pa\/crisolfm\/wp-json\/wp\/v2\/tags?post=5492"}],"curies":[{"name":"wp","href":"https:\/\/api.w.org\/{rel}","templated":true}]}}